{"id":8707,"date":"2016-08-06T17:01:10","date_gmt":"2016-08-06T17:01:10","guid":{"rendered":"http:\/\/infantv.com.br\/infantv\/?p=8707"},"modified":"2016-08-06T17:01:41","modified_gmt":"2016-08-06T17:01:41","slug":"chaves-el-chavo-del-ocho-1971-trilha-sonora","status":"publish","type":"post","link":"https:\/\/infantv.com.br\/infantv\/chaves-el-chavo-del-ocho-1971-trilha-sonora\/","title":{"rendered":"Chaves (El Chavo del Ocho &#8211; 1971) &#8211; Trilha Sonora"},"content":{"rendered":"<div style=\"text-align:center\"><img src=\"data:image\/gif;base64,R0lGODlhAQABAIAAAAAAAP\/\/\/ywAAAAAAQABAAACAUwAOw==\" fifu-lazy=\"1\" fifu-data-sizes=\"auto\" fifu-data-srcset=\"https:\/\/i0.wp.com\/infantv.com.br\/infantv\/wp-content\/uploads\/2016\/08\/chaves6.jpg?ssl=1&w=75&resize=75&ssl=1 75w, https:\/\/i0.wp.com\/infantv.com.br\/infantv\/wp-content\/uploads\/2016\/08\/chaves6.jpg?ssl=1&w=100&resize=100&ssl=1 100w, https:\/\/i0.wp.com\/infantv.com.br\/infantv\/wp-content\/uploads\/2016\/08\/chaves6.jpg?ssl=1&w=150&resize=150&ssl=1 150w, https:\/\/i0.wp.com\/infantv.com.br\/infantv\/wp-content\/uploads\/2016\/08\/chaves6.jpg?ssl=1&w=240&resize=240&ssl=1 240w, https:\/\/i0.wp.com\/infantv.com.br\/infantv\/wp-content\/uploads\/2016\/08\/chaves6.jpg?ssl=1&w=320&resize=320&ssl=1 320w, https:\/\/i0.wp.com\/infantv.com.br\/infantv\/wp-content\/uploads\/2016\/08\/chaves6.jpg?ssl=1&w=500&resize=500&ssl=1 500w, https:\/\/i0.wp.com\/infantv.com.br\/infantv\/wp-content\/uploads\/2016\/08\/chaves6.jpg?ssl=1&w=640&resize=640&ssl=1 640w, https:\/\/i0.wp.com\/infantv.com.br\/infantv\/wp-content\/uploads\/2016\/08\/chaves6.jpg?ssl=1&w=800&resize=800&ssl=1 800w, https:\/\/i0.wp.com\/infantv.com.br\/infantv\/wp-content\/uploads\/2016\/08\/chaves6.jpg?ssl=1&w=1024&resize=1024&ssl=1 1024w, https:\/\/i0.wp.com\/infantv.com.br\/infantv\/wp-content\/uploads\/2016\/08\/chaves6.jpg?ssl=1&w=1280&resize=1280&ssl=1 1280w, https:\/\/i0.wp.com\/infantv.com.br\/infantv\/wp-content\/uploads\/2016\/08\/chaves6.jpg?ssl=1&w=1600&resize=1600&ssl=1 1600w\" width=\"400\" height=\"300\" fifu-data-src=\"https:\/\/i0.wp.com\/infantv.com.br\/infantv\/wp-content\/uploads\/2016\/08\/chaves6.jpg?ssl=1\" class=\"attachment-post-thumbnail size-post-thumbnail wp-post-image\" alt=\"Chaves (El Chavo del Ocho \u2013 1971) \u2013 Trilha Sonora\" title=\"Chaves (El Chavo del Ocho \u2013 1971) \u2013 Trilha Sonora\" decoding=\"async\" loading=\"lazy\" srcset=\"https:\/\/i0.wp.com\/infantv.com.br\/infantv\/wp-content\/uploads\/2016\/08\/chaves6.jpg?ssl=1 400w, https:\/\/infantv.com.br\/infantv\/wp-content\/uploads\/2016\/08\/chaves6-300x225.jpg 300w\" sizes=\"(max-width: 400px) 100vw, 400px\" \/><\/div><p style=\"text-align: center;\"><a href=\"http:\/\/infantv.com.br\/infantv\/?p=8614\"><img src=\"data:image\/gif;base64,R0lGODlhAQABAIAAAAAAAP\/\/\/ywAAAAAAQABAAACAUwAOw==\" fifu-lazy=\"1\" fifu-data-sizes=\"auto\" fifu-data-srcset=\"https:\/\/i0.wp.com\/infantv.com.br\/infantv\/wp-content\/uploads\/2016\/08\/chaves_logo-300x229.jpg?ssl=1&w=75&resize=75&ssl=1 75w, https:\/\/i0.wp.com\/infantv.com.br\/infantv\/wp-content\/uploads\/2016\/08\/chaves_logo-300x229.jpg?ssl=1&w=100&resize=100&ssl=1 100w, https:\/\/i0.wp.com\/infantv.com.br\/infantv\/wp-content\/uploads\/2016\/08\/chaves_logo-300x229.jpg?ssl=1&w=150&resize=150&ssl=1 150w, https:\/\/i0.wp.com\/infantv.com.br\/infantv\/wp-content\/uploads\/2016\/08\/chaves_logo-300x229.jpg?ssl=1&w=240&resize=240&ssl=1 240w, https:\/\/i0.wp.com\/infantv.com.br\/infantv\/wp-content\/uploads\/2016\/08\/chaves_logo-300x229.jpg?ssl=1&w=320&resize=320&ssl=1 320w, https:\/\/i0.wp.com\/infantv.com.br\/infantv\/wp-content\/uploads\/2016\/08\/chaves_logo-300x229.jpg?ssl=1&w=500&resize=500&ssl=1 500w, https:\/\/i0.wp.com\/infantv.com.br\/infantv\/wp-content\/uploads\/2016\/08\/chaves_logo-300x229.jpg?ssl=1&w=640&resize=640&ssl=1 640w, https:\/\/i0.wp.com\/infantv.com.br\/infantv\/wp-content\/uploads\/2016\/08\/chaves_logo-300x229.jpg?ssl=1&w=800&resize=800&ssl=1 800w, https:\/\/i0.wp.com\/infantv.com.br\/infantv\/wp-content\/uploads\/2016\/08\/chaves_logo-300x229.jpg?ssl=1&w=1024&resize=1024&ssl=1 1024w, https:\/\/i0.wp.com\/infantv.com.br\/infantv\/wp-content\/uploads\/2016\/08\/chaves_logo-300x229.jpg?ssl=1&w=1280&resize=1280&ssl=1 1280w, https:\/\/i0.wp.com\/infantv.com.br\/infantv\/wp-content\/uploads\/2016\/08\/chaves_logo-300x229.jpg?ssl=1&w=1600&resize=1600&ssl=1 1600w\" decoding=\"async\" loading=\"lazy\" class=\"alignnone wp-image-8615 size-medium\" style=\"border-radius: 20px;\" fifu-data-src=\"https:\/\/i0.wp.com\/infantv.com.br\/infantv\/wp-content\/uploads\/2016\/08\/chaves_logo-300x229.jpg?ssl=1\" alt=\"\" width=\"300\" height=\"229\" \/><\/a><\/p>\n<p style=\"text-align: center;\"><strong>Chaves<\/strong><\/p>\n<p style=\"text-align: center;\"><img src=\"data:image\/gif;base64,R0lGODlhAQABAIAAAAAAAP\/\/\/ywAAAAAAQABAAACAUwAOw==\" fifu-lazy=\"1\" fifu-data-sizes=\"auto\" fifu-data-srcset=\"https:\/\/i1.wp.com\/infantv.com.br\/infantv\/t_chaves1.gif?ssl=1&w=75&resize=75&ssl=1 75w, https:\/\/i1.wp.com\/infantv.com.br\/infantv\/t_chaves1.gif?ssl=1&w=100&resize=100&ssl=1 100w, https:\/\/i1.wp.com\/infantv.com.br\/infantv\/t_chaves1.gif?ssl=1&w=150&resize=150&ssl=1 150w, https:\/\/i1.wp.com\/infantv.com.br\/infantv\/t_chaves1.gif?ssl=1&w=240&resize=240&ssl=1 240w, https:\/\/i1.wp.com\/infantv.com.br\/infantv\/t_chaves1.gif?ssl=1&w=320&resize=320&ssl=1 320w, https:\/\/i1.wp.com\/infantv.com.br\/infantv\/t_chaves1.gif?ssl=1&w=500&resize=500&ssl=1 500w, https:\/\/i1.wp.com\/infantv.com.br\/infantv\/t_chaves1.gif?ssl=1&w=640&resize=640&ssl=1 640w, https:\/\/i1.wp.com\/infantv.com.br\/infantv\/t_chaves1.gif?ssl=1&w=800&resize=800&ssl=1 800w, https:\/\/i1.wp.com\/infantv.com.br\/infantv\/t_chaves1.gif?ssl=1&w=1024&resize=1024&ssl=1 1024w, https:\/\/i1.wp.com\/infantv.com.br\/infantv\/t_chaves1.gif?ssl=1&w=1280&resize=1280&ssl=1 1280w, https:\/\/i1.wp.com\/infantv.com.br\/infantv\/t_chaves1.gif?ssl=1&w=1600&resize=1600&ssl=1 1600w\" decoding=\"async\" loading=\"lazy\" class=\"alignnone\" fifu-data-src=\"https:\/\/i1.wp.com\/infantv.com.br\/infantv\/t_chaves1.gif?ssl=1\" alt=\"\" width=\"160\" height=\"160\" \/><br \/>\n<strong>Ano de Produ\u00e7\u00e3o:<\/strong> 1989.<br \/>\n<strong>Gravadora:<\/strong> Polygram.<br \/>\n<strong>N\u00famero de Faixas:<\/strong> 10.<\/p>\n<p style=\"text-align: center;\">1 &#8211;\u00a0 A\u00ed Vem o Chaves &#8211; Turminha do Chaves<\/p>\n<p style=\"text-align: center;\">2 &#8211; Tchuim Tchuim Tchum Claim &#8211; Chaves e a Turminha<\/p>\n<p style=\"text-align: center;\">3 &#8211; Kiko &#8211; Kiko<\/p>\n<p style=\"text-align: center;\">4 &#8211; Conto de Fadas &#8211; Chaves e a Turminha<\/p>\n<p style=\"text-align: center;\">5 &#8211; Chiquinha &#8211; Turminha do Chaves<\/p>\n<p style=\"text-align: center;\">6 &#8211; Chaves o Rei da Palha\u00e7ada &#8211; Chaves e a Turminha<\/p>\n<p style=\"text-align: center;\">7 &#8211; Barulho da Cidade &#8211; Chaves<\/p>\n<p style=\"text-align: center;\">8 &#8211; Madruga &#8211; Turminha do Chaves<\/p>\n<p style=\"text-align: center;\">9 &#8211; Quero Viver Dan\u00e7ando &#8211; Prof. Girafales e Florinda<\/p>\n<p style=\"text-align: center;\">10 &#8211; Amigos Palha\u00e7os &#8211; Chaves e Barriga<\/p>\n<p style=\"text-align: center;\"><strong>As<\/strong>\u00ed<strong> Cantamos Y Vacilamos En La Vecindad del Chavo<\/strong><\/p>\n<p style=\"text-align: center;\"><img src=\"data:image\/gif;base64,R0lGODlhAQABAIAAAAAAAP\/\/\/ywAAAAAAQABAAACAUwAOw==\" fifu-lazy=\"1\" fifu-data-sizes=\"auto\" fifu-data-srcset=\"https:\/\/i1.wp.com\/infantv.com.br\/infantv\/t_chaves2.gif?ssl=1&w=75&resize=75&ssl=1 75w, https:\/\/i1.wp.com\/infantv.com.br\/infantv\/t_chaves2.gif?ssl=1&w=100&resize=100&ssl=1 100w, https:\/\/i1.wp.com\/infantv.com.br\/infantv\/t_chaves2.gif?ssl=1&w=150&resize=150&ssl=1 150w, https:\/\/i1.wp.com\/infantv.com.br\/infantv\/t_chaves2.gif?ssl=1&w=240&resize=240&ssl=1 240w, https:\/\/i1.wp.com\/infantv.com.br\/infantv\/t_chaves2.gif?ssl=1&w=320&resize=320&ssl=1 320w, https:\/\/i1.wp.com\/infantv.com.br\/infantv\/t_chaves2.gif?ssl=1&w=500&resize=500&ssl=1 500w, https:\/\/i1.wp.com\/infantv.com.br\/infantv\/t_chaves2.gif?ssl=1&w=640&resize=640&ssl=1 640w, https:\/\/i1.wp.com\/infantv.com.br\/infantv\/t_chaves2.gif?ssl=1&w=800&resize=800&ssl=1 800w, https:\/\/i1.wp.com\/infantv.com.br\/infantv\/t_chaves2.gif?ssl=1&w=1024&resize=1024&ssl=1 1024w, https:\/\/i1.wp.com\/infantv.com.br\/infantv\/t_chaves2.gif?ssl=1&w=1280&resize=1280&ssl=1 1280w, https:\/\/i1.wp.com\/infantv.com.br\/infantv\/t_chaves2.gif?ssl=1&w=1600&resize=1600&ssl=1 1600w\" decoding=\"async\" loading=\"lazy\" class=\"alignnone\" fifu-data-src=\"https:\/\/i1.wp.com\/infantv.com.br\/infantv\/t_chaves2.gif?ssl=1\" alt=\"\" width=\"160\" height=\"160\" \/><br \/>\n<strong>Ano de Produ\u00e7\u00e3o:<\/strong> 2000.<br \/>\n<strong>Gravadora:<\/strong> Universal.<br \/>\n<strong>N\u00famero de Faixas: <\/strong>20.<\/p>\n<p style=\"text-align: center;\">1 &#8211;\u00a0\u00a0 La vecindad del Chavo<\/p>\n<p style=\"text-align: center;\">2 &#8211; Los cursis<\/p>\n<p style=\"text-align: center;\">3 &#8211; Eso, eso, eso<\/p>\n<p style=\"text-align: center;\">4 &#8211; F\u00edjate, f\u00edjate, f\u00edjate<\/p>\n<p style=\"text-align: center;\">5 &#8211; S\u00edganme los buenos<\/p>\n<p style=\"text-align: center;\">6 &#8211; Churi churin fun flais<\/p>\n<p style=\"text-align: center;\">7 &#8211; Un rinconcito especial<\/p>\n<p style=\"text-align: center;\">8 &#8211; El burro de Mat\u00edas<\/p>\n<p style=\"text-align: center;\">9 &#8211; Las brujas<\/p>\n<p style=\"text-align: center;\">10 &#8211; El Chapul\u00edn Colorado<\/p>\n<p style=\"text-align: center;\">11 &#8211; Mi papi es un papi muy padre<\/p>\n<p style=\"text-align: center;\">12 &#8211; Los payasos<\/p>\n<p style=\"text-align: center;\">13 &#8211; Ay papito ponte a trabajar<\/p>\n<p style=\"text-align: center;\">14 &#8211; La carcachita<\/p>\n<p style=\"text-align: center;\">15 &#8211; Peluch\u00edn<\/p>\n<p style=\"text-align: center;\">16 &#8211; La princesa palomita<\/p>\n<p style=\"text-align: center;\">17 &#8211; Gracias a Cri Cri<\/p>\n<p style=\"text-align: center;\">19 &#8211; Un a\u00f1o m\u00e1s<\/p>\n<p style=\"text-align: center;\">20 &#8211; Buenas noches vecindad<\/p>\n<p style=\"text-align: center;\"><strong>El Chavo Canta &#8211; Eso, Eso, Eso<\/strong><\/p>\n<p style=\"text-align: center;\"><img src=\"data:image\/gif;base64,R0lGODlhAQABAIAAAAAAAP\/\/\/ywAAAAAAQABAAACAUwAOw==\" fifu-lazy=\"1\" fifu-data-sizes=\"auto\" fifu-data-srcset=\"https:\/\/i1.wp.com\/infantv.com.br\/infantv\/t_chaves3.gif?ssl=1&w=75&resize=75&ssl=1 75w, https:\/\/i1.wp.com\/infantv.com.br\/infantv\/t_chaves3.gif?ssl=1&w=100&resize=100&ssl=1 100w, https:\/\/i1.wp.com\/infantv.com.br\/infantv\/t_chaves3.gif?ssl=1&w=150&resize=150&ssl=1 150w, https:\/\/i1.wp.com\/infantv.com.br\/infantv\/t_chaves3.gif?ssl=1&w=240&resize=240&ssl=1 240w, https:\/\/i1.wp.com\/infantv.com.br\/infantv\/t_chaves3.gif?ssl=1&w=320&resize=320&ssl=1 320w, https:\/\/i1.wp.com\/infantv.com.br\/infantv\/t_chaves3.gif?ssl=1&w=500&resize=500&ssl=1 500w, https:\/\/i1.wp.com\/infantv.com.br\/infantv\/t_chaves3.gif?ssl=1&w=640&resize=640&ssl=1 640w, https:\/\/i1.wp.com\/infantv.com.br\/infantv\/t_chaves3.gif?ssl=1&w=800&resize=800&ssl=1 800w, https:\/\/i1.wp.com\/infantv.com.br\/infantv\/t_chaves3.gif?ssl=1&w=1024&resize=1024&ssl=1 1024w, https:\/\/i1.wp.com\/infantv.com.br\/infantv\/t_chaves3.gif?ssl=1&w=1280&resize=1280&ssl=1 1280w, https:\/\/i1.wp.com\/infantv.com.br\/infantv\/t_chaves3.gif?ssl=1&w=1600&resize=1600&ssl=1 1600w\" decoding=\"async\" loading=\"lazy\" class=\"alignnone\" fifu-data-src=\"https:\/\/i1.wp.com\/infantv.com.br\/infantv\/t_chaves3.gif?ssl=1\" alt=\"\" width=\"160\" height=\"160\" \/><br \/>\n<strong>Ano de Produ\u00e7\u00e3o:<\/strong> -.<br \/>\n<strong>Gravadora:<\/strong> -.<br \/>\n<strong>N\u00famero de Faixas:<\/strong> 9.<\/p>\n<p style=\"text-align: center;\">1 &#8211; Gracias a Cri Cri<\/p>\n<p style=\"text-align: center;\">2 &#8211; El ruido<\/p>\n<p style=\"text-align: center;\">3 &#8211; Campe\u00f3n<\/p>\n<p style=\"text-align: center;\">4 &#8211; Eso, eso, eso<\/p>\n<p style=\"text-align: center;\">5 &#8211; El silencio<\/p>\n<p style=\"text-align: center;\">6 &#8211; Un rinconcito especial<\/p>\n<p style=\"text-align: center;\">7 &#8211; Bailando<\/p>\n<p style=\"text-align: center;\">8 &#8211; El percance<\/p>\n<p style=\"text-align: center;\">9 &#8211; Quisiera haber sido un pastor<\/p>\n","protected":false},"excerpt":{"rendered":"<p>Chaves Ano de Produ\u00e7\u00e3o: 1989. Gravadora: Polygram. N\u00famero de Faixas: 10. 1 &#8211;\u00a0 A\u00ed Vem o Chaves &#8211; Turminha do Chaves 2 &#8211; Tchuim Tchuim Tchum Claim &#8211; Chaves e a Turminha 3 &#8211; Kiko &#8211; Kiko 4 &#8211; Conto de Fadas &#8211; Chaves e a Turminha 5 &#8211; Chiquinha &#8211; Turminha do Chaves 6 [&hellip;]<\/p>\n","protected":false},"author":1,"featured_media":8620,"comment_status":"open","ping_status":"open","sticky":false,"template":"","format":"standard","meta":{"cybocfi_hide_featured_image":"","fifu_image_url":"","fifu_image_alt":""},"categories":[23],"tags":[],"_links":{"self":[{"href":"https:\/\/infantv.com.br\/infantv\/wp-json\/wp\/v2\/posts\/8707"}],"collection":[{"href":"https:\/\/infantv.com.br\/infantv\/wp-json\/wp\/v2\/posts"}],"about":[{"href":"https:\/\/infantv.com.br\/infantv\/wp-json\/wp\/v2\/types\/post"}],"author":[{"embeddable":true,"href":"https:\/\/infantv.com.br\/infantv\/wp-json\/wp\/v2\/users\/1"}],"replies":[{"embeddable":true,"href":"https:\/\/infantv.com.br\/infantv\/wp-json\/wp\/v2\/comments?post=8707"}],"version-history":[{"count":2,"href":"https:\/\/infantv.com.br\/infantv\/wp-json\/wp\/v2\/posts\/8707\/revisions"}],"predecessor-version":[{"id":8710,"href":"https:\/\/infantv.com.br\/infantv\/wp-json\/wp\/v2\/posts\/8707\/revisions\/8710"}],"wp:featuredmedia":[{"embeddable":true,"href":"https:\/\/infantv.com.br\/infantv\/wp-json\/wp\/v2\/media\/8620"}],"wp:attachment":[{"href":"https:\/\/infantv.com.br\/infantv\/wp-json\/wp\/v2\/media?parent=8707"}],"wp:term":[{"taxonomy":"category","embeddable":true,"href":"https:\/\/infantv.com.br\/infantv\/wp-json\/wp\/v2\/categories?post=8707"},{"taxonomy":"post_tag","embeddable":true,"href":"https:\/\/infantv.com.br\/infantv\/wp-json\/wp\/v2\/tags?post=8707"}],"curies":[{"name":"wp","href":"https:\/\/api.w.org\/{rel}","templated":true}]}}