{"id":7305,"date":"2014-08-17T11:38:06","date_gmt":"2014-08-17T11:38:06","guid":{"rendered":"http:\/\/infantv.com.br\/infantv\/?p=7305"},"modified":"2017-01-10T17:26:14","modified_gmt":"2017-01-10T17:26:14","slug":"entrevista-marcelo-amadei-diretor-do-bambalalao","status":"publish","type":"post","link":"https:\/\/infantv.com.br\/infantv\/entrevista-marcelo-amadei-diretor-do-bambalalao\/","title":{"rendered":"Entrevista &#8211; Marcelo Amadei, diretor do Bambalal\u00e3o"},"content":{"rendered":"<div style=\"text-align:center\"><img src=\"data:image\/gif;base64,R0lGODlhAQABAIAAAAAAAP\/\/\/ywAAAAAAQABAAACAUwAOw==\" fifu-lazy=\"1\" fifu-data-sizes=\"auto\" fifu-data-srcset=\"https:\/\/i1.wp.com\/infantv.com.br\/infantv\/wp-content\/uploads\/2016\/07\/amadei.jpg?ssl=1&w=75&resize=75&ssl=1 75w, https:\/\/i1.wp.com\/infantv.com.br\/infantv\/wp-content\/uploads\/2016\/07\/amadei.jpg?ssl=1&w=100&resize=100&ssl=1 100w, https:\/\/i1.wp.com\/infantv.com.br\/infantv\/wp-content\/uploads\/2016\/07\/amadei.jpg?ssl=1&w=150&resize=150&ssl=1 150w, https:\/\/i1.wp.com\/infantv.com.br\/infantv\/wp-content\/uploads\/2016\/07\/amadei.jpg?ssl=1&w=240&resize=240&ssl=1 240w, https:\/\/i1.wp.com\/infantv.com.br\/infantv\/wp-content\/uploads\/2016\/07\/amadei.jpg?ssl=1&w=320&resize=320&ssl=1 320w, https:\/\/i1.wp.com\/infantv.com.br\/infantv\/wp-content\/uploads\/2016\/07\/amadei.jpg?ssl=1&w=500&resize=500&ssl=1 500w, https:\/\/i1.wp.com\/infantv.com.br\/infantv\/wp-content\/uploads\/2016\/07\/amadei.jpg?ssl=1&w=640&resize=640&ssl=1 640w, https:\/\/i1.wp.com\/infantv.com.br\/infantv\/wp-content\/uploads\/2016\/07\/amadei.jpg?ssl=1&w=800&resize=800&ssl=1 800w, https:\/\/i1.wp.com\/infantv.com.br\/infantv\/wp-content\/uploads\/2016\/07\/amadei.jpg?ssl=1&w=1024&resize=1024&ssl=1 1024w, https:\/\/i1.wp.com\/infantv.com.br\/infantv\/wp-content\/uploads\/2016\/07\/amadei.jpg?ssl=1&w=1280&resize=1280&ssl=1 1280w, https:\/\/i1.wp.com\/infantv.com.br\/infantv\/wp-content\/uploads\/2016\/07\/amadei.jpg?ssl=1&w=1600&resize=1600&ssl=1 1600w\" width=\"356\" height=\"266\" fifu-data-src=\"https:\/\/i1.wp.com\/infantv.com.br\/infantv\/wp-content\/uploads\/2016\/07\/amadei.jpg?ssl=1\" class=\"attachment-post-thumbnail size-post-thumbnail wp-post-image\" alt=\"Entrevista \u2013 Marcelo Amadei, diretor do Bambalal\u00e3o\" title=\"Entrevista \u2013 Marcelo Amadei, diretor do Bambalal\u00e3o\" decoding=\"async\" loading=\"lazy\" srcset=\"https:\/\/i1.wp.com\/infantv.com.br\/infantv\/wp-content\/uploads\/2016\/07\/amadei.jpg?ssl=1 356w, https:\/\/infantv.com.br\/infantv\/wp-content\/uploads\/2016\/07\/amadei-300x224.jpg 300w\" sizes=\"(max-width: 356px) 100vw, 356px\" \/><\/div><h2><strong>Marcelo Amadei, diretor do Bambalal\u00e3o.<\/strong><\/h2>\n<p><em>Entrevista realizada por Iza\u00edas Correia<\/em><\/p>\n<p style=\"text-align: justify;\"><a href=\"http:\/\/infantv.com.br\/infantv\/wp-content\/uploads\/2016\/07\/marcelomadei.jpg\"><img src=\"data:image\/gif;base64,R0lGODlhAQABAIAAAAAAAP\/\/\/ywAAAAAAQABAAACAUwAOw==\" fifu-lazy=\"1\" fifu-data-sizes=\"auto\" fifu-data-srcset=\"https:\/\/i0.wp.com\/infantv.com.br\/infantv\/wp-content\/uploads\/2016\/07\/marcelomadei-300x224.jpg?ssl=1&w=75&resize=75&ssl=1 75w, https:\/\/i0.wp.com\/infantv.com.br\/infantv\/wp-content\/uploads\/2016\/07\/marcelomadei-300x224.jpg?ssl=1&w=100&resize=100&ssl=1 100w, https:\/\/i0.wp.com\/infantv.com.br\/infantv\/wp-content\/uploads\/2016\/07\/marcelomadei-300x224.jpg?ssl=1&w=150&resize=150&ssl=1 150w, https:\/\/i0.wp.com\/infantv.com.br\/infantv\/wp-content\/uploads\/2016\/07\/marcelomadei-300x224.jpg?ssl=1&w=240&resize=240&ssl=1 240w, https:\/\/i0.wp.com\/infantv.com.br\/infantv\/wp-content\/uploads\/2016\/07\/marcelomadei-300x224.jpg?ssl=1&w=320&resize=320&ssl=1 320w, https:\/\/i0.wp.com\/infantv.com.br\/infantv\/wp-content\/uploads\/2016\/07\/marcelomadei-300x224.jpg?ssl=1&w=500&resize=500&ssl=1 500w, https:\/\/i0.wp.com\/infantv.com.br\/infantv\/wp-content\/uploads\/2016\/07\/marcelomadei-300x224.jpg?ssl=1&w=640&resize=640&ssl=1 640w, https:\/\/i0.wp.com\/infantv.com.br\/infantv\/wp-content\/uploads\/2016\/07\/marcelomadei-300x224.jpg?ssl=1&w=800&resize=800&ssl=1 800w, https:\/\/i0.wp.com\/infantv.com.br\/infantv\/wp-content\/uploads\/2016\/07\/marcelomadei-300x224.jpg?ssl=1&w=1024&resize=1024&ssl=1 1024w, https:\/\/i0.wp.com\/infantv.com.br\/infantv\/wp-content\/uploads\/2016\/07\/marcelomadei-300x224.jpg?ssl=1&w=1280&resize=1280&ssl=1 1280w, https:\/\/i0.wp.com\/infantv.com.br\/infantv\/wp-content\/uploads\/2016\/07\/marcelomadei-300x224.jpg?ssl=1&w=1600&resize=1600&ssl=1 1600w\" decoding=\"async\" loading=\"lazy\" class=\" wp-image-7307 size-medium alignleft\" fifu-data-src=\"https:\/\/i0.wp.com\/infantv.com.br\/infantv\/wp-content\/uploads\/2016\/07\/marcelomadei-300x224.jpg?ssl=1\" alt=\"\" width=\"300\" height=\"224\" srcset=\"https:\/\/infantv.com.br\/infantv\/wp-content\/uploads\/2016\/07\/marcelomadei-300x224.jpg 300w, https:\/\/infantv.com.br\/infantv\/wp-content\/uploads\/2016\/07\/marcelomadei.jpg 356w\" sizes=\"(max-width: 300px) 100vw, 300px\" \/><\/a>Marcelo Amadei Barbiellini Jr \u00e9 um dos profissionais mais importantes da hist\u00f3ria da tev\u00ea brasileira. Amadei foi criador e diretor de alguns programas muito conhecidos da Tv Cultura como \u201cQuem Sabe, Sabe\u201d que ficou por 8 anos no ar, &#8220;Jazz Brasil&#8221;, &#8220;Vestibular da Can\u00e7\u00e3o&#8221;, al\u00e9m de ter criado e dado nome ao excepcional programa \u201cEnigma\u201d.<\/p>\n<p style=\"text-align: justify;\">Para a TV Bandeirantes, adaptou e dirigiu o game-show franc\u00eas que no Brasil se chamou \u201cO Melhor de Todos\u201d. Dirigiu o \u201cMulheres\u201d na TV Gazeta na melhor fase daquele programa. Marcelo Amadei tamb\u00e9m esteve presente na inf\u00e2ncia de muita gente, no comando do programa &#8220;Bambalal\u00e3o&#8221;, por isso o InfanTv conversou com ele sobre esse infantil inesquec\u00edvel.<\/p>\n<hr \/>\n<h3 style=\"text-align: center;\">&#8220;Minha rela\u00e7\u00e3o com a imagem \u00e9 s\u00e9ria e acabou<br \/>\nem casamento, mas come\u00e7ou como brincadeira.&#8221;<\/h3>\n<p style=\"text-align: center;\"><em>Marcelo Amadei<br \/>\n<\/em><\/p>\n<p style=\"text-align: justify;\"><strong>INFANTV &#8211; Amadei, como come\u00e7ou essa trajet\u00f3ria t\u00e3o vitoriosa na Tv? Voc\u00ea sempre quis trabalhar em televis\u00e3o?<\/strong><br \/>\nMARCELO AMADEI &#8211; Eu j\u00e1 era jornalista quando foi criada a Escola de Comunica\u00e7\u00e3o e Artes &#8211; ECA. At\u00e9 por tradi\u00e7\u00e3o familiar, pois sou neto, filho e pai de jornalistas.<br \/>\nA profiss\u00e3o estava para ser regulamentada e achei natural fazer o curso superior de jornalismo da USP. At\u00e9 ent\u00e3o, s\u00f3 havia o da C\u00e1sper L\u00edbero, que na \u00e9poca era fraquinho. S\u00f3 n\u00e3o me sentia muito confort\u00e1vel com tal \u201csina\u201d. N\u00e3o por falta de voca\u00e7\u00e3o, mas porque, como todo jovem, n\u00e3o queria ter uma vida assim t\u00e3o previs\u00edvel. Gostava de escrever, embora sentisse mais atra\u00e7\u00e3o pela imagem. Principalmente cinema e fotografia.<br \/>\nMinha rela\u00e7\u00e3o com a imagem \u00e9 s\u00e9ria e acabou em casamento, mas come\u00e7ou como brincadeira. Com brinquedinhos, mesmo. Quando garoto, ganhei de meu av\u00f4 um \u201cpolioptcon\u201d, que era um kit de lentes com que se podia montar bin\u00f3culos, microsc\u00f3pio, lunetas, etc. Tive tamb\u00e9m um \u201claborat\u00f3rio fotogr\u00e1fico infantil\u201d. Em 1950, pouco antes da inaugura\u00e7\u00e3o da TV no Brasil, eu e meus irm\u00e3os pegamos sarampo. A TV bem poderia dar conta de entreter tr\u00eas crian\u00e7as presas num quarto, n\u00e9?&#8230; S\u00f3 que ela n\u00e3o chegou a tempo. Meu pai comprou um projetor de cinema 16 mm e v\u00e1rios filmes para nos distrair. Como no final de Casablanca: foi o in\u00edcio de uma bela amizade. Por\u00e9m, ver e rever os filmes acabou n\u00e3o sendo o bastante para mim. Passei a projet\u00e1-los de tr\u00e1s pra diante, cortando fotogramas, reeditando cenas. At\u00e9 montava e desmontava meu novo amigo a ver o que mais ele podia fazer.<br \/>\nNo cinema de meu outro av\u00f4, em Santa B\u00e1rbara d\u00b4Oeste, eu assistia \u00e0s sess\u00f5es de dentro da cabina de proje\u00e7\u00e3o, infernizando um pouco a vida do velho Sebasti\u00e3o, o projecionista. Ti\u00e3o era o meu Alfredo, como o do Cinema Paradiso. Al\u00e9m de maravilhoso, o filme tem valor especial para mim: toda vez que o revejo vem \u00e0 tona emo\u00e7\u00f5es da minha pr\u00f3pria inf\u00e2ncia.<br \/>\nJ\u00e1 adolescente, acompanhava minha irm\u00e3 Marli, que foi modelo fotogr\u00e1fico dos Brinquedos Estrela e da Mentex, nos cliques do German Lorca &#8211; um dos maiores fot\u00f3grafos do Brasil. Ver de perto o trabalho do mestre estimulou ainda mais meu gosto pela arte da fotografia.<br \/>\nSou formado em R\u00e1dio e TV pela ECA. Mas havia feito minha matr\u00edcula para o curso de jornalismo. Como tive boa m\u00e9dia de aprova\u00e7\u00e3o no vestibular e as vagas para jornalismo eram as mais disputadas, havia a possibilidade de mudar de curso no segundo ano. Quis estudar cinema, s\u00f3 achava dif\u00edcil seguir carreira em mercado de trabalho t\u00e3o restrito. (Fazer cinema no Brasil da \u00e9poca era como ser astronauta, pilotar F\u00f3rmula-1, sei l\u00e1&#8230; Carreira para poucos, n\u00e9? Mais uma forma genial \u2013 e cara &#8211; de express\u00e3o art\u00edstica do que propriamente uma profiss\u00e3o). Gostava tamb\u00e9m de R\u00e1dio e TV. Pedi a transfer\u00eancia e nunca me arrependi. Sou formado na primeira turma. Mais tarde, voltei para l\u00e1 como professor, por alguns anos.<\/p>\n<figure id=\"attachment_7306\" aria-describedby=\"caption-attachment-7306\" style=\"width: 300px\" class=\"wp-caption alignright\"><a href=\"http:\/\/infantv.com.br\/infantv\/wp-content\/uploads\/2016\/07\/bamba.jpg\"><img src=\"data:image\/gif;base64,R0lGODlhAQABAIAAAAAAAP\/\/\/ywAAAAAAQABAAACAUwAOw==\" fifu-lazy=\"1\" fifu-data-sizes=\"auto\" fifu-data-srcset=\"https:\/\/i1.wp.com\/infantv.com.br\/infantv\/wp-content\/uploads\/2016\/07\/bamba-300x224.jpg?ssl=1&w=75&resize=75&ssl=1 75w, https:\/\/i1.wp.com\/infantv.com.br\/infantv\/wp-content\/uploads\/2016\/07\/bamba-300x224.jpg?ssl=1&w=100&resize=100&ssl=1 100w, https:\/\/i1.wp.com\/infantv.com.br\/infantv\/wp-content\/uploads\/2016\/07\/bamba-300x224.jpg?ssl=1&w=150&resize=150&ssl=1 150w, https:\/\/i1.wp.com\/infantv.com.br\/infantv\/wp-content\/uploads\/2016\/07\/bamba-300x224.jpg?ssl=1&w=240&resize=240&ssl=1 240w, https:\/\/i1.wp.com\/infantv.com.br\/infantv\/wp-content\/uploads\/2016\/07\/bamba-300x224.jpg?ssl=1&w=320&resize=320&ssl=1 320w, https:\/\/i1.wp.com\/infantv.com.br\/infantv\/wp-content\/uploads\/2016\/07\/bamba-300x224.jpg?ssl=1&w=500&resize=500&ssl=1 500w, https:\/\/i1.wp.com\/infantv.com.br\/infantv\/wp-content\/uploads\/2016\/07\/bamba-300x224.jpg?ssl=1&w=640&resize=640&ssl=1 640w, https:\/\/i1.wp.com\/infantv.com.br\/infantv\/wp-content\/uploads\/2016\/07\/bamba-300x224.jpg?ssl=1&w=800&resize=800&ssl=1 800w, https:\/\/i1.wp.com\/infantv.com.br\/infantv\/wp-content\/uploads\/2016\/07\/bamba-300x224.jpg?ssl=1&w=1024&resize=1024&ssl=1 1024w, https:\/\/i1.wp.com\/infantv.com.br\/infantv\/wp-content\/uploads\/2016\/07\/bamba-300x224.jpg?ssl=1&w=1280&resize=1280&ssl=1 1280w, https:\/\/i1.wp.com\/infantv.com.br\/infantv\/wp-content\/uploads\/2016\/07\/bamba-300x224.jpg?ssl=1&w=1600&resize=1600&ssl=1 1600w\" decoding=\"async\" loading=\"lazy\" class=\"wp-image-7306 size-medium\" fifu-data-src=\"https:\/\/i1.wp.com\/infantv.com.br\/infantv\/wp-content\/uploads\/2016\/07\/bamba-300x224.jpg?ssl=1\" alt=\"Marcelo Amadei e Gigi Anhelli\" width=\"300\" height=\"224\" srcset=\"https:\/\/infantv.com.br\/infantv\/wp-content\/uploads\/2016\/07\/bamba-300x224.jpg 300w, https:\/\/infantv.com.br\/infantv\/wp-content\/uploads\/2016\/07\/bamba.jpg 356w\" sizes=\"(max-width: 300px) 100vw, 300px\" \/><\/a><figcaption id=\"caption-attachment-7306\" class=\"wp-caption-text\">Marcelo Amadei e Gigi Anhelli<\/figcaption><\/figure>\n<p style=\"text-align: justify;\"><strong>INFANTV &#8211; E o trabalho na televis\u00e3o?<\/strong><br \/>\nMA &#8211; J\u00e1 trabalhava em televis\u00e3o. S\u00f3 que n\u00e3o via isso como trabalho. Eu tinha uma banda de rock (The Hits) com um programa semanal na TV Paulista, Canal 5 (predecessora da atual Rede Globo). O programa chamava-se Ritmos da Juventude, apresentado por Antonio Aguilar. Adorava a agita\u00e7\u00e3o de uma TV feita inteiramente ao vivo. Pura adrenalina. T\u00e3o divertido que nem pensava nela como uma atividade profissional. Fiquei encantado e contagiado pelo mundo m\u00e1gico dos est\u00fadios: c\u00e2meras, luzes fortes e todo aquele trabalho din\u00e2mico e criativo dos produtores, escritores, atores, cen\u00f3grafos e t\u00e9cnicos operando seus fant\u00e1sticos equipamentos. Acima de tudo, as pessoas incr\u00edveis com quem passei a conviver. (Como \u201cOs Incr\u00edveis\u201d, hehehe). Gente como Roberto Carlos, por exemplo, que tive o privil\u00e9gio de acompanhar em sua primeira exibi\u00e7\u00e3o na TV aqui em S\u00e3o Paulo e em muitas outras vezes, na Jovem Guarda; Rita Lee, que era minha vizinha e colega no Liceu Pasteur. Um universo t\u00e3o fascinante que &#8211; como diria Lu\u00eds Guimar\u00e3es no famoso soneto: &#8211; Resistir quem h\u00e1-de?&#8230;<\/p>\n<p style=\"text-align: justify;\"><strong>ITV &#8211; O Bambalal\u00e3o \u00e9 um dos mais lembrados programas pelos \u201cinfanautas\u201d. Eu recebo muitos e-mails de pessoas recordando com carinho o infantil. Como voc\u00ea v\u00ea esse carinho at\u00e9 hoje?<\/strong><br \/>\nMA &#8211; Com alegria e emo\u00e7\u00e3o. Muitas dessas crian\u00e7as s\u00e3o ou foram meus alunos nas faculdades onde leciono. Outras, j\u00e1 casadas, at\u00e9 lamentam que seus filhos n\u00e3o tenham um <strong>Bambalal\u00e3o<\/strong> para assistir, embora ainda existam bons programas infantis \u2013 sobretudo na Cultura. Entre os f\u00e3s do programa estavam meus pr\u00f3prios filhos \u2013 que j\u00e1 me deram netinhos maravilhosos.<\/p>\n<p><strong>ITV &#8211; Como nasceu o Bambalal\u00e3o?<\/strong><br \/>\nMA &#8211; Na mente privilegiada da Gigi. Ela j\u00e1 \u00e9 bem conhecida como apresentadora, al\u00e9m de atriz e escritora. H\u00e1 ainda muito mais de compet\u00eancia, seriedade e talento naquela cabecinha linda.<br \/>\nFoi de fato um privil\u00e9gio dirigir o Bambalal\u00e3o. O m\u00e9rito da ideia original deve ser creditado \u00e0 minha querida amiga Gigi Anhelli, pioneira titular e absoluta da s\u00e9rie. Mais do que apresentadora, a Gigi era a pr\u00f3pria cara do Bamba. O programa teve in\u00edcio despretensioso, mas logo mostrou todo o seu potencial, levando a TV Cultura a apostar mais forte naquela iniciativa t\u00e3o promissora. Para assumir o <strong>Bambalal\u00e3o<\/strong>, deixei a chefia da divis\u00e3o de variedades da Cultura, trazendo alguma experi\u00eancia aprendida no Vila S\u00e9samo e na dire\u00e7\u00e3o de outro infantil: o Curumim. Eu tamb\u00e9m havia estudado televis\u00e3o educacional no Jap\u00e3o, especialmente a programa\u00e7\u00e3o voltada para jovens. Estimulamos, no &#8220;Bamba&#8221;, um ambiente de intensa liberdade. \u00c9ramos um time, mesmo. O elenco, a equipe de produ\u00e7\u00e3o e a t\u00e9cnica tiveram participa\u00e7\u00e3o decisiva na evolu\u00e7\u00e3o criativa do programa. At\u00e9 os bonecos ajudavam, pois tinham quase vida pr\u00f3pria. Pode parecer meio maluco, mas eu batia grandes papos com eles quando estava fora do ar. Veja bem: eu conversava muito com os bonecos e n\u00e3o apenas com seus manipuladores! Sinto-me, sim, orgulhoso por ter feito minha parte. Tamb\u00e9m me envaidece ter sido professor da Gigi no curso de R\u00e1dio e TV da USP. Ali\u00e1s, ajuda hoje a iluminar o meu caminho a satisfa\u00e7\u00e3o de ver ex-alunos se dando bem por a\u00ed&#8230;<\/p>\n<p style=\"text-align: justify;\"><strong>ITV &#8211; O elenco do programa foi imortalizado por quem o assistiu. Como \u00e9 que Gigi, Silvana, Marilan Sales, Chiquinho Brand\u00e3o, Fernando Gomes e todos os outros foram escolhidos?<\/strong><br \/>\nMA &#8211; A Gigi come\u00e7ou tudo, com o palha\u00e7o Tic-Tac (Marilan) e a Mem\u00e9lia de Carvalho, que constru\u00eda e manipulava com muita arte os seus bonecos. Macaco Chiquinho, Maria Balinha e Jo\u00e3o Bal\u00e3o foram as cria\u00e7\u00f5es pioneiras e inesquec\u00edveis da Mem\u00e9lia no &#8220;Bamba&#8221;. Tinha o professor Poropop\u00f3 (genial Chiquinho Brand\u00e3o). A Mem\u00e9lia trouxe dos Estados Unidos um le\u00e3ozinho, que deu para o Chiquinho manipular: o Bambale\u00e3o, que se tornaria enorme sucesso. Logo surgiu o Carlinhos Bambalarino, que, antes era professor de hist\u00f3ria, sabia? E foram chegando outros g\u00eanios que fizeram a hist\u00f3ria do &#8220;Bamba&#8221;, como G\u00e9rson de Abreu, com um talento ainda mais gordo do que ele e que nem d\u00e1 pra classificar: ator, cantor, comediante, manipulador de bonecos&#8230; Ali\u00e1s, o crit\u00e9rio natural para os que permaneceram no Bambalal\u00e3o foi justamente a versatilidade. Todos faziam de tudo. Os tr\u00eas nos deixaram e ser\u00e3o para sempre insubstitu\u00edveis. Como o tamb\u00e9m saudoso Chekmati. Todos se foram muito jovens. Silvaninha entrou para substituir a Gigi que estava em f\u00e9rias. Acabamos ficando com as duas. Tinha a criativa atriz Helen H\u00e9l\u00e8ne, que contava historinhas a partir de qualquer elemento. Fazia coisas como botar a x\u00edcara de caf\u00e9 pra conversar com uma escova de sapato. O \u00c1lvaro Petersen (Beiral), al\u00e9m de ator e desenhista acabou se revelando um h\u00e1bil manipulador de bonecos. O incr\u00edvel Fernandinho Gomes, que come\u00e7ou garoto, como f\u00e3 do programa e viria a construir (e manipular) alguns dos mais fant\u00e1sticos bonecos da televis\u00e3o brasileira. Tinha o Xyzz. Outros mais foram chegando, como a gracinha da Briela. O ator Acaiabe tornou-se o nosso grande contador de hist\u00f3rias. E veio a Dulce, atriz de primeira classe. Depois que Tic-Tac saiu, tivemos outros palha\u00e7os muito engra\u00e7ados como Pam Pam e Perereca. E o m\u00e1gico Bazard&#8230; S\u00f3 estou falando da turma que ficou por longo per\u00edodo. Mas, sempre procuramos estimular novos valores. Promovemos at\u00e9 concursos de bonecos. Na verdade, muitos \u00f3timos artistas passaram pelo &#8220;Bamba&#8221;, ao longo da s\u00e9rie. Se n\u00e3o permaneceram foi por v\u00e1rios e diferentes motivos, n\u00e3o por falta de qualidade. Alguns apenas reluziram com o brilho dos cometas. Mas iluminaram o &#8220;Bamba&#8221;.<\/p>\n<figure id=\"attachment_7308\" aria-describedby=\"caption-attachment-7308\" style=\"width: 300px\" class=\"wp-caption alignleft\"><a href=\"http:\/\/infantv.com.br\/infantv\/wp-content\/uploads\/2016\/07\/bamba2.jpg\"><img src=\"data:image\/gif;base64,R0lGODlhAQABAIAAAAAAAP\/\/\/ywAAAAAAQABAAACAUwAOw==\" fifu-lazy=\"1\" fifu-data-sizes=\"auto\" fifu-data-srcset=\"https:\/\/i2.wp.com\/infantv.com.br\/infantv\/wp-content\/uploads\/2016\/07\/bamba2-300x224.jpg?ssl=1&w=75&resize=75&ssl=1 75w, https:\/\/i2.wp.com\/infantv.com.br\/infantv\/wp-content\/uploads\/2016\/07\/bamba2-300x224.jpg?ssl=1&w=100&resize=100&ssl=1 100w, https:\/\/i2.wp.com\/infantv.com.br\/infantv\/wp-content\/uploads\/2016\/07\/bamba2-300x224.jpg?ssl=1&w=150&resize=150&ssl=1 150w, https:\/\/i2.wp.com\/infantv.com.br\/infantv\/wp-content\/uploads\/2016\/07\/bamba2-300x224.jpg?ssl=1&w=240&resize=240&ssl=1 240w, https:\/\/i2.wp.com\/infantv.com.br\/infantv\/wp-content\/uploads\/2016\/07\/bamba2-300x224.jpg?ssl=1&w=320&resize=320&ssl=1 320w, https:\/\/i2.wp.com\/infantv.com.br\/infantv\/wp-content\/uploads\/2016\/07\/bamba2-300x224.jpg?ssl=1&w=500&resize=500&ssl=1 500w, https:\/\/i2.wp.com\/infantv.com.br\/infantv\/wp-content\/uploads\/2016\/07\/bamba2-300x224.jpg?ssl=1&w=640&resize=640&ssl=1 640w, https:\/\/i2.wp.com\/infantv.com.br\/infantv\/wp-content\/uploads\/2016\/07\/bamba2-300x224.jpg?ssl=1&w=800&resize=800&ssl=1 800w, https:\/\/i2.wp.com\/infantv.com.br\/infantv\/wp-content\/uploads\/2016\/07\/bamba2-300x224.jpg?ssl=1&w=1024&resize=1024&ssl=1 1024w, https:\/\/i2.wp.com\/infantv.com.br\/infantv\/wp-content\/uploads\/2016\/07\/bamba2-300x224.jpg?ssl=1&w=1280&resize=1280&ssl=1 1280w, https:\/\/i2.wp.com\/infantv.com.br\/infantv\/wp-content\/uploads\/2016\/07\/bamba2-300x224.jpg?ssl=1&w=1600&resize=1600&ssl=1 1600w\" decoding=\"async\" loading=\"lazy\" class=\"size-medium wp-image-7308\" fifu-data-src=\"https:\/\/i2.wp.com\/infantv.com.br\/infantv\/wp-content\/uploads\/2016\/07\/bamba2-300x224.jpg?ssl=1\" alt=\"A Turma do Bamba.\" width=\"300\" height=\"224\" srcset=\"https:\/\/infantv.com.br\/infantv\/wp-content\/uploads\/2016\/07\/bamba2-300x224.jpg 300w, https:\/\/infantv.com.br\/infantv\/wp-content\/uploads\/2016\/07\/bamba2.jpg 356w\" sizes=\"(max-width: 300px) 100vw, 300px\" \/><\/a><figcaption id=\"caption-attachment-7308\" class=\"wp-caption-text\">A Turma do Bamba.<\/figcaption><\/figure>\n<p style=\"text-align: justify;\"><strong>ITV &#8211; Como diretor eu sei que \u00e9 dif\u00edcil responder, mas como telespectador do Bambalal\u00e3o qual era o seu apresentador preferido?<\/strong><br \/>\nMA &#8211; Todos ador\u00e1veis, mas a n\u00famero 1 era mesmo a Gigi.<\/p>\n<p style=\"text-align: justify;\"><strong>ITV &#8211; Voc\u00ea ainda tem contato com o pessoal do programa?<\/strong><br \/>\nMA &#8211; N\u00e3o muito. A gente se esbarra por a\u00ed. Moro pertinho da sede da \u201cCoisa\u201d (lembra do Agente G, programa da Record com o inesquec\u00edvel G\u00e9rson de Abreu? \u2013 Com o Gerson mantive contato por muitos anos, at\u00e9 ele nos deixar.) \u00c1lvaro Petersen e Acaiabe moram perto aqui de casa. Costum\u00e1vamos caminhar juntos pelo bairro, antes do Acaiabe ir para o Rio participar do S\u00edtio do Picapau Amarelo. Fernandinho Gomes e o pr\u00f3prio \u00c1lvaro criaram, a meu pedido, um boneco, o rep\u00f3rter Ex, para o programa \u201cMulheres\u201d, quando eu o dirigia. Uma curiosidade: o Ex foi uma invas\u00e3o da programa\u00e7\u00e3o infantil de TV na adulta, sabia? A Ana Maria Braga adorou e tamb\u00e9m quis ter o seu. Assim nasceu o louro Jos\u00e9. O Ratinho, em entrevista que deu ao Ex, gostou tanto que quis nos contratar \u2013 a mim e ao \u00c1lvaro \u2013 para seu programa. Claro que n\u00e3o fomos, mas sugerimos a ele a cria\u00e7\u00e3o de um boneco pr\u00f3prio, que tamb\u00e9m ficaria famoso: o Xaropinho. Silvana volta e meia est\u00e1 nos palcos de teatro e continua linda, como a Gigi. As duas ser\u00e3o lindas por toda a eternidade. Mem\u00e9lia, Tic-Tac, Helen, Dulce nunca mais vi. Mas, sei que est\u00e3o bem e, passe o tempo que passar, ser\u00e3o sempre grandes amigos. Ainda vou encontr\u00e1-los por a\u00ed&#8230; Saudades de machucar o cora\u00e7\u00e3o eu sinto pelo G\u00e9rson, Chiquinho Brand\u00e3o, Carlinhos Bambalarino e Chekmati. E mantenho amizade com todos os operadores t\u00e9cnicos, que davam banhos de compet\u00eancia.<br \/>\nDepois do Bamba, fiz outros trabalhos com \u00c1lvaro Petersen, Fernandinho Gomes, S\u00edlvio Galv\u00e3o (cen\u00f3grafo, aderecista, figurinista) \u2013 todos \u201ccrias\u201d do programa. Trabalhei tamb\u00e9m com o Zama (autor da musiquinha do <strong>Bambalal\u00e3o<\/strong>). A roteirista Rosana Rios, que escreveu tantas hist\u00f3rias inesquec\u00edveis para o nosso teatrinho continua por a\u00ed, autora consagrada de livros infantis. Saudades dela e do Chiquinho Ardito, figura maravilhosa da produ\u00e7\u00e3o a quem devemos muito. Ardito segurava qualquer roj\u00e3o! Nunca mais o vi. A Gigi eu vejo com certa frequ\u00eancia. Agora mesmo estamos na mesma empreitada, criando a Associa\u00e7\u00e3o dos ex-alunos da ECA-USP. Andamos conversando tamb\u00e9m sobre outro projeto que talvez a gente fa\u00e7a, mas ainda \u00e9 segredo, hehehe! (Posso adiantar que n\u00e3o \u00e9 \u201cA Bela e a Fera\u201d).<\/p>\n<p style=\"text-align: justify;\"><strong>ITV &#8211; Em 1982 o programa passou a ser transmitido ao vivo. Qual a raz\u00e3o desta proposta?<\/strong><br \/>\nMA &#8211; O Bambalal\u00e3o era di\u00e1rio. Ao vivo de manh\u00e3 e reprisado \u00e0 tarde, sem qualquer tipo de edi\u00e7\u00e3o. Assim, n\u00e3o havia diferen\u00e7as significativas entre as duas formas de exibi\u00e7\u00e3o. Mas, em geral programas gravados (que s\u00e3o montagens) costumam ter caracter\u00edsticas completamente diferenciadas. Costumo dizer que s\u00e3o duas m\u00eddias distintas: TV e TV ao vivo. Talvez este nosso espa\u00e7o seja um pouco apertado pra gente aprofundar essa quest\u00e3o&#8230;<\/p>\n<p style=\"text-align: justify;\"><strong>ITV &#8211; Mas voc\u00eas encontraram muitas dificuldades em se adaptar ao programa ao vivo?<\/strong><br \/>\nMA &#8211; OK, voc\u00ea venceu! Vamos aprofundar um pouquinho: come\u00e7a pela espontaneidade. Num programa ao vivo, todo mundo se comporta com naturalidade. \u00c9 o formato mais adequado para se lidar com crian\u00e7as &#8211; que s\u00e3o naturais e espont\u00e2neas por natureza. O elenco tamb\u00e9m trabalha com maior responsabilidade e empenho, pois n\u00e3o se pode errar. Mas, \u00e9 claro que se erra! \u00d3timo, porque os erros acabam tornando a coisa mais divertida. Menos \u201ccertinha\u201d.<\/p>\n<p style=\"text-align: justify;\"><strong>ITV &#8211; O \u201cBamba\u201d divertia, mas tamb\u00e9m ensinava. Isso traz a sensa\u00e7\u00e3o de ter contribu\u00eddo para forma\u00e7\u00e3o de muitas crian\u00e7as na \u00e9poca?<\/strong><br \/>\nMA &#8211; Sim. Acima de tudo. Se divertir as crian\u00e7as j\u00e1 nem \u00e9 pouco, contribuir para sua forma\u00e7\u00e3o \u00e9 fundamental. E d\u00e1 \u00e0 nossa vida um sentido mais profundo de realiza\u00e7\u00e3o. O mesmo que costuma motivar os professores para al\u00e9m de qualquer sal\u00e1rio. Somos artistas, n\u00e3o professores, mas aquece o cora\u00e7\u00e3o saber que fizemos alguma diferen\u00e7a. Converso muito hoje com jovens cidad\u00e3os, pais de fam\u00edlia exemplares que, quando crian\u00e7as, n\u00e3o perdiam o programa. Todos falam da influ\u00eancia ben\u00e9fica que o Bambalal\u00e3o exerceu sobre suas vidas. \u00c9 gratificante e sempre emocionante.<\/p>\n<figure id=\"attachment_7309\" aria-describedby=\"caption-attachment-7309\" style=\"width: 300px\" class=\"wp-caption alignright\"><a href=\"http:\/\/infantv.com.br\/infantv\/wp-content\/uploads\/2016\/07\/amadei.jpg\"><img src=\"data:image\/gif;base64,R0lGODlhAQABAIAAAAAAAP\/\/\/ywAAAAAAQABAAACAUwAOw==\" fifu-lazy=\"1\" fifu-data-sizes=\"auto\" fifu-data-srcset=\"https:\/\/i2.wp.com\/infantv.com.br\/infantv\/wp-content\/uploads\/2016\/07\/amadei-300x224.jpg?ssl=1&w=75&resize=75&ssl=1 75w, https:\/\/i2.wp.com\/infantv.com.br\/infantv\/wp-content\/uploads\/2016\/07\/amadei-300x224.jpg?ssl=1&w=100&resize=100&ssl=1 100w, https:\/\/i2.wp.com\/infantv.com.br\/infantv\/wp-content\/uploads\/2016\/07\/amadei-300x224.jpg?ssl=1&w=150&resize=150&ssl=1 150w, https:\/\/i2.wp.com\/infantv.com.br\/infantv\/wp-content\/uploads\/2016\/07\/amadei-300x224.jpg?ssl=1&w=240&resize=240&ssl=1 240w, https:\/\/i2.wp.com\/infantv.com.br\/infantv\/wp-content\/uploads\/2016\/07\/amadei-300x224.jpg?ssl=1&w=320&resize=320&ssl=1 320w, https:\/\/i2.wp.com\/infantv.com.br\/infantv\/wp-content\/uploads\/2016\/07\/amadei-300x224.jpg?ssl=1&w=500&resize=500&ssl=1 500w, https:\/\/i2.wp.com\/infantv.com.br\/infantv\/wp-content\/uploads\/2016\/07\/amadei-300x224.jpg?ssl=1&w=640&resize=640&ssl=1 640w, https:\/\/i2.wp.com\/infantv.com.br\/infantv\/wp-content\/uploads\/2016\/07\/amadei-300x224.jpg?ssl=1&w=800&resize=800&ssl=1 800w, https:\/\/i2.wp.com\/infantv.com.br\/infantv\/wp-content\/uploads\/2016\/07\/amadei-300x224.jpg?ssl=1&w=1024&resize=1024&ssl=1 1024w, https:\/\/i2.wp.com\/infantv.com.br\/infantv\/wp-content\/uploads\/2016\/07\/amadei-300x224.jpg?ssl=1&w=1280&resize=1280&ssl=1 1280w, https:\/\/i2.wp.com\/infantv.com.br\/infantv\/wp-content\/uploads\/2016\/07\/amadei-300x224.jpg?ssl=1&w=1600&resize=1600&ssl=1 1600w\" decoding=\"async\" loading=\"lazy\" class=\"size-medium wp-image-7309\" fifu-data-src=\"https:\/\/i2.wp.com\/infantv.com.br\/infantv\/wp-content\/uploads\/2016\/07\/amadei-300x224.jpg?ssl=1\" alt=\"Marcelo Amadei\" width=\"300\" height=\"224\" srcset=\"https:\/\/infantv.com.br\/infantv\/wp-content\/uploads\/2016\/07\/amadei-300x224.jpg 300w, https:\/\/infantv.com.br\/infantv\/wp-content\/uploads\/2016\/07\/amadei.jpg 356w\" sizes=\"(max-width: 300px) 100vw, 300px\" \/><\/a><figcaption id=\"caption-attachment-7309\" class=\"wp-caption-text\">Marcelo Amadei<\/figcaption><\/figure>\n<p style=\"text-align: justify;\"><strong>ITV &#8211; Durante os quase 13 anos em que o programa ficou no ar, teve algum dia \u201cmais importante\u201d que os demais? Algum dia em que o Bambalal\u00e3o te proporcionou algo diferente?<\/strong><br \/>\nMA &#8211; No come\u00e7o, o Teatro Franco Zampari &#8211; onde faz\u00edamos o &#8220;Bamba&#8221; \u2013 ainda n\u00e3o tinha instala\u00e7\u00f5es apropriadas de TV, como cabine de controle (switcher) e essas coisas. Transmit\u00edamos o programa a partir de uma carreta estacionada nos fundos do teatro. Quase como se fosse uma externa. Num certo dia 11 de novembro, bem no meio de um programa, vieram me avisar que o G\u00e9rson e o Acaiabe estavam brigando na coxia (atr\u00e1s da cortina que fica no fundo do palco). Se fosse verdade, seria briga feia pelo tamanho deles. Eu, muito ing\u00eanuo, fui l\u00e1 \u201capartar\u201d. Fiquei no meio dos dois. Qual n\u00e3o foi minha surpresa, quando ambos me agarraram, um em cada bra\u00e7o, e me empurraram para dentro do palco. Toda aquela arma\u00e7\u00e3o \u2013 ao vivo \u2013 era s\u00f3 para me prestarem uma homenagem por ser o dia de meu anivers\u00e1rio. Acaiabe contou uma hist\u00f3ria escrita pela Rosana especialmente para mim: \u201cO Rei de Olhos Azuis\u201d. (E agora eu era o rei! Pode?&#8230;) Enquanto Acaiabe contava, Beiral ia pintando meu retrato. Guardo o quadro e a grava\u00e7\u00e3o at\u00e9 hoje como lembran\u00e7a de uma das maiores emo\u00e7\u00f5es que j\u00e1 senti na vida.<\/p>\n<p style=\"text-align: justify;\"><strong>ITV &#8211; Ainda hoje, muitos \u201cinfanautas\u201d mandam e-mails lamentando o fim do Bambalal\u00e3o? Por que o programa acabou?<\/strong><br \/>\nA Turma do &#8220;Bamba&#8221;MA &#8211; E eu \u00e9 que sei? Os Beatles tamb\u00e9m acabaram (que mod\u00e9stia, hein?). N\u00e3o acho que deveria ter acabado, mas&#8230; Tive outros programas na TV Cultura que tamb\u00e9m acabaram e poderiam estar no ar at\u00e9 agora. A s\u00e9rie JAZZ BRASIL, por exemplo. Ainda hoje ou\u00e7o reclama\u00e7\u00f5es, principalmente do primeiro time da MPB. Os pr\u00f3prios artistas sempre colocaram a s\u00e9rie como uma refer\u00eancia da m\u00fasica brasileira na TV que nunca deveria ter sa\u00eddo do ar. Ou o QUEM SABE SABE, que permaneceu por tantos anos. Assim como h\u00e1 outros programas excelentes na hist\u00f3ria da televis\u00e3o brasileira que nem chegaram perto de tal longevidade.<br \/>\nVeja o caso do ENIGMA. Eu me lembro bem do J\u00f4 Soares reclamando \u2013 no J\u00d4 ONZE E MEIA &#8211; que n\u00e3o se conformava com a Cultura ter encerrado a s\u00e9rie, que ele adorava. Muita gente tem saudades do VESTIBULAR DA CAN\u00c7\u00c3O. Estou, \u00e9 claro, puxando a brasa pra minha sardinha. Mas, quantos \u00f3timos programas de outras emissoras tamb\u00e9m j\u00e1 acabaram? Faz parte do show-business.<br \/>\nPor outro lado, o &#8220;Bamba&#8221; permaneceu no ar por uma d\u00fazia de anos. N\u00e3o s\u00e3o tantos os casos de sucesso assim! Mas, eu acho que ele bem poderia regressar&#8230; Ah, sim!. J\u00e1 vi pesquisas com essa pergunta &#8211; se o Bambalal\u00e3o deveria voltar &#8211; e praticamente cem por cento das respostas foram afirmativas. A maioria ficou at\u00e9 bem entusiasmada com essa possibilidade.<br \/>\nUma coisa \u00e9 certa: depois do <strong>Bambalal\u00e3o<\/strong>, em cada um dos outros maravilhosos programas infantis que a Cultura criou, podia-se ver um pouco do &#8220;Bamba&#8221;. Mesmo nos atuais. Ele fez escola. Assim como se podia ver no pr\u00f3prio &#8220;Bamba&#8221; a influ\u00eancia de programas anteriores, como o Vila S\u00e9samo, tamb\u00e9m produzido pela Cultura (na premiada adapta\u00e7\u00e3o brasileira) e que tinha sido uma revolu\u00e7\u00e3o na programa\u00e7\u00e3o para o p\u00fablico infantil. Bebemos nas fontes certas. A TV Cultura sempre teve \u2013 continua tendo &#8211; os melhores programas para crian\u00e7as. N\u00e3o \u00e9 obra do acaso. \u00c9 um processo constru\u00eddo com seriedade ao longo de anos. Para essa evolu\u00e7\u00e3o, \u00e9 natural que os programas, mesmo os melhores, abram espa\u00e7o para novas propostas. \u00c0s vezes, a pequenina casa cresce tanto que se torna um castelo (hehehe).<\/p>\n<p style=\"text-align: justify;\"><strong>ITV &#8211; Com o fim do programa ficou a vontade de voltar a trabalhar com o p\u00fablico infantil?<\/strong><br \/>\nMA &#8211; Adoro crian\u00e7as. O Grande Chef\u00e3o l\u00e1 em cima sabe disso e deve me ver com simpatia. Tanto \u00e9 que Ele me mandou tr\u00eas netinhos lindos de presente e que s\u00e3o loucos por mim. \u00c9 verdade. Sinto at\u00e9 certa ciumeira na fam\u00edlia por isso. Dizem que tenho a\u00e7\u00facar. Na verdade, brinco com eles como algu\u00e9m igual. N\u00e3o s\u00f3 com os meus netos. Eu me dou muito bem com todas as crian\u00e7as porque elas sabem que jogo no time delas. Continuo meio crian\u00e7a e n\u00e3o me envergonho disso porque meu eu superior tamb\u00e9m \u00e9. E \u00e9 divino. A crian\u00e7a que mora na alma da gente \u00e9 aquilo que temos de melhor. Basta prestarmos aten\u00e7\u00e3o e ela. Ter feito programas infantis com amor e dedica\u00e7\u00e3o foi um privil\u00e9gio. Dizia o velho Chacrinha que quem n\u00e3o se comunica se estrumbica! Pois a crian\u00e7a \u00e9 o desafio maior que existe em comunica\u00e7\u00e3o. Crian\u00e7a \u00e9 sincera e verdadeira. Com ela n\u00e3o tem engana\u00e7\u00e3o: ou voc\u00ea entra na sua sintonia ou um abra\u00e7o e tchau mesmo. Quando se consegue completar essa liga\u00e7\u00e3o, a recompensa vale o esfor\u00e7o. Eu ficaria sim, muito feliz em voltar a fazer programas infantis.<br \/>\nTer trabalhado com a crian\u00e7ada tamb\u00e9m me trouxe maior responsabilidade profissional, mesmo quando fa\u00e7o programas para adultos. Explico: \u00e9 que n\u00e3o consigo deixar de ver crian\u00e7as na audi\u00eancia adulta. Hoje em dia crian\u00e7a v\u00ea tudo na TV. Sempre tem alguma na sala assistindo ao que voc\u00ea produziu. Infelizmente, muitos n\u00e3o levam isso em conta.<\/p>\n<p style=\"text-align: justify;\"><strong>ITV &#8211; Voc\u00ea assiste aos programas infantis atuais?<\/strong><br \/>\nMA &#8211; Assisto. Principalmente os bons. Os ruins eu s\u00f3 vejo por necessidade profissional.<br \/>\nAs emissoras comerciais produzem \u00f3timos e p\u00e9ssimos programas infantis. O que entristece \u00e9 a despropor\u00e7\u00e3o. A quantidade destes \u00faltimos, isto \u00e9, programas sem o menor respeito \u00e0s crian\u00e7as, vistas s\u00f3 como consumidoras de produtos \u2013 e estimuladas a pressionar os pais a comprarem isso ou aquilo \u2013 \u00e9 grande demais. E quando os pais n\u00e3o podem? \u00c9 muito cruel!<\/p>\n<p style=\"text-align: justify;\"><strong>ITV &#8211; Eu falava sobre as pessoas que sempre recordam do programa, mas voc\u00ea acha que falta zelo por parte das emissoras com a mem\u00f3ria da nossa televis\u00e3o?<\/strong><br \/>\nMA &#8211; Falta mem\u00f3ria, sim. Apaga-se muita coisa por economia. As emissoras n\u00e3o disp\u00f5em de estoque ilimitado de fitas de videoteipe. A\u00ed, a vantagem econ\u00f4mica da regrava\u00e7\u00e3o se volta contra o p\u00fablico de hoje e contra a sociedade de amanh\u00e3. Conservar alguns programas traz uma complica\u00e7\u00e3o: Quais? Com que crit\u00e9rio? Porque \u00e9 claro que n\u00e3o se pode preservar tudo!<br \/>\nEu acho, modestamente, que tenho uma boa solu\u00e7\u00e3o:<br \/>\nPensando para o futuro, sugiro uma parceria entre as emissoras com o Governo e com as escolas de comunica\u00e7\u00e3o para a cria\u00e7\u00e3o de uma esp\u00e9cie de CONDEPHAT do R\u00e1dio e da TV. Funcionaria assim: todo programa considerado importante seria \u201ctombado\u201d como patrim\u00f4nio cultural do Brasil. As emissoras n\u00e3o teriam que arcar nem com os custos dessa preserva\u00e7\u00e3o \u2013 que seria absorvido pelo Estado \u2013 e nem com o trabalho \u2013 que ficaria a cargo de estudantes e professores de R\u00e1dio e TV. Estes atuariam tanto na avalia\u00e7\u00e3o e escolha dos programas a serem preservados, quanto na pr\u00f3pria opera\u00e7\u00e3o do sistema. Que tal? Talvez algu\u00e9m com algum poder pol\u00edtico bem pudesse apoiar essa minha proposta, hein?&#8230;<\/p>\n<p style=\"text-align: justify;\"><strong>ITV &#8211; Nesses anos todos de televis\u00e3o, ficou alguma m\u00e1goa do \u201cmeio televisivo\u201d?<\/strong><br \/>\nMA &#8211; O ambiente da TV \u00e9 competitivo demais. \u00d3timo campo para estudos sobre a vaidade humana. Ali, n\u00e3o \u00e9 raro a esperteza vencer o talento. Pessoas sem car\u00e1ter, falsidade, hipocrisia e \u201cpuxadas de tapete\u201d existem em qualquer lugar, n\u00e3o s\u00e3o um privil\u00e9gio nem do r\u00e1dio nem da TV. A quest\u00e3o \u00e9 de volume. Digamos que o n\u00famero de velhacos por metro quadrado seja maior. Gente que passaria por cima da pr\u00f3pria m\u00e3e para subir na carreira. Noves fora as bajula\u00e7\u00f5es, fofocas, maledic\u00eancias&#8230; Do lado de l\u00e1 da telinha tem muito p\u00e3o bolorento. Justamente por isso \u00e9 que devemos valorizar ainda mais aqueles que conseguem sobreviver \u00edntegros, \u00e9ticos, dignos. As flores no p\u00e2ntano. N\u00e3o s\u00e3o poucos. E s\u00e3o essenciais.<\/p>\n<p style=\"text-align: justify;\"><strong>ITV &#8211; Amadei, muito obrigado pela entrevista. E eu gostaria que voc\u00ea deixasse uma mensagem para o pessoal do InfanTv.<\/strong><br \/>\nMA &#8211; Ah!&#8230; Mas eu tamb\u00e9m gostaria de receber uma mensagem: marcelo.amadei@terra.com.br.<br \/>\nJ\u00e1 viram aqueles adesivos no vidro de alguns carros que dizem: consulte sempre um advogado?&#8230; A minha mensagem \u00e9: consultem sempre a crian\u00e7a que mora dentro de voc\u00eas!<\/p>\n","protected":false},"excerpt":{"rendered":"<p>Marcelo Amadei, diretor do Bambalal\u00e3o. Entrevista realizada por Iza\u00edas Correia Marcelo Amadei Barbiellini Jr \u00e9 um dos profissionais mais importantes da hist\u00f3ria da tev\u00ea brasileira. Amadei foi criador e diretor de alguns programas muito conhecidos da Tv Cultura como \u201cQuem Sabe, Sabe\u201d que ficou por 8 anos no ar, &#8220;Jazz Brasil&#8221;, &#8220;Vestibular da Can\u00e7\u00e3o&#8221;, al\u00e9m [&hellip;]<\/p>\n","protected":false},"author":1,"featured_media":7309,"comment_status":"open","ping_status":"open","sticky":false,"template":"","format":"standard","meta":{"cybocfi_hide_featured_image":"","fifu_image_url":"","fifu_image_alt":""},"categories":[28,24],"tags":[103,90,91,104,102,87,88,89],"_links":{"self":[{"href":"https:\/\/infantv.com.br\/infantv\/wp-json\/wp\/v2\/posts\/7305"}],"collection":[{"href":"https:\/\/infantv.com.br\/infantv\/wp-json\/wp\/v2\/posts"}],"about":[{"href":"https:\/\/infantv.com.br\/infantv\/wp-json\/wp\/v2\/types\/post"}],"author":[{"embeddable":true,"href":"https:\/\/infantv.com.br\/infantv\/wp-json\/wp\/v2\/users\/1"}],"replies":[{"embeddable":true,"href":"https:\/\/infantv.com.br\/infantv\/wp-json\/wp\/v2\/comments?post=7305"}],"version-history":[{"count":2,"href":"https:\/\/infantv.com.br\/infantv\/wp-json\/wp\/v2\/posts\/7305\/revisions"}],"predecessor-version":[{"id":17015,"href":"https:\/\/infantv.com.br\/infantv\/wp-json\/wp\/v2\/posts\/7305\/revisions\/17015"}],"wp:featuredmedia":[{"embeddable":true,"href":"https:\/\/infantv.com.br\/infantv\/wp-json\/wp\/v2\/media\/7309"}],"wp:attachment":[{"href":"https:\/\/infantv.com.br\/infantv\/wp-json\/wp\/v2\/media?parent=7305"}],"wp:term":[{"taxonomy":"category","embeddable":true,"href":"https:\/\/infantv.com.br\/infantv\/wp-json\/wp\/v2\/categories?post=7305"},{"taxonomy":"post_tag","embeddable":true,"href":"https:\/\/infantv.com.br\/infantv\/wp-json\/wp\/v2\/tags?post=7305"}],"curies":[{"name":"wp","href":"https:\/\/api.w.org\/{rel}","templated":true}]}}