{"id":21143,"date":"2018-05-11T11:37:40","date_gmt":"2018-05-11T11:37:40","guid":{"rendered":"http:\/\/www.infantv.com.br\/infantv\/?p=21143"},"modified":"2018-05-17T13:08:26","modified_gmt":"2018-05-17T13:08:26","slug":"festolandia-1991-letra-do-tema-de-abertura","status":"publish","type":"post","link":"https:\/\/infantv.com.br\/infantv\/festolandia-1991-letra-do-tema-de-abertura\/","title":{"rendered":"Festol\u00e2ndia (1991) &#8211; Letra do Tema de Abertura"},"content":{"rendered":"<div style=\"text-align:center\"><img src=\"data:image\/gif;base64,R0lGODlhAQABAIAAAAAAAP\/\/\/ywAAAAAAQABAAACAUwAOw==\" fifu-lazy=\"1\" fifu-data-sizes=\"auto\" fifu-data-srcset=\"https:\/\/i3.wp.com\/infantv.com.br\/infantv\/wp-content\/uploads\/2018\/05\/festolandia8.jpg?ssl=1&w=75&resize=75&ssl=1 75w, https:\/\/i3.wp.com\/infantv.com.br\/infantv\/wp-content\/uploads\/2018\/05\/festolandia8.jpg?ssl=1&w=100&resize=100&ssl=1 100w, https:\/\/i3.wp.com\/infantv.com.br\/infantv\/wp-content\/uploads\/2018\/05\/festolandia8.jpg?ssl=1&w=150&resize=150&ssl=1 150w, https:\/\/i3.wp.com\/infantv.com.br\/infantv\/wp-content\/uploads\/2018\/05\/festolandia8.jpg?ssl=1&w=240&resize=240&ssl=1 240w, https:\/\/i3.wp.com\/infantv.com.br\/infantv\/wp-content\/uploads\/2018\/05\/festolandia8.jpg?ssl=1&w=320&resize=320&ssl=1 320w, https:\/\/i3.wp.com\/infantv.com.br\/infantv\/wp-content\/uploads\/2018\/05\/festolandia8.jpg?ssl=1&w=500&resize=500&ssl=1 500w, https:\/\/i3.wp.com\/infantv.com.br\/infantv\/wp-content\/uploads\/2018\/05\/festolandia8.jpg?ssl=1&w=640&resize=640&ssl=1 640w, https:\/\/i3.wp.com\/infantv.com.br\/infantv\/wp-content\/uploads\/2018\/05\/festolandia8.jpg?ssl=1&w=800&resize=800&ssl=1 800w, https:\/\/i3.wp.com\/infantv.com.br\/infantv\/wp-content\/uploads\/2018\/05\/festolandia8.jpg?ssl=1&w=1024&resize=1024&ssl=1 1024w, https:\/\/i3.wp.com\/infantv.com.br\/infantv\/wp-content\/uploads\/2018\/05\/festolandia8.jpg?ssl=1&w=1280&resize=1280&ssl=1 1280w, https:\/\/i3.wp.com\/infantv.com.br\/infantv\/wp-content\/uploads\/2018\/05\/festolandia8.jpg?ssl=1&w=1600&resize=1600&ssl=1 1600w\" width=\"400\" height=\"305\" fifu-data-src=\"https:\/\/i3.wp.com\/infantv.com.br\/infantv\/wp-content\/uploads\/2018\/05\/festolandia8.jpg?ssl=1\" class=\"attachment-post-thumbnail size-post-thumbnail wp-post-image\" alt=\"Festol\u00e2ndia (1991) \u2013 Letra do Tema de Abertura\" title=\"Festol\u00e2ndia (1991) \u2013 Letra do Tema de Abertura\" decoding=\"async\" loading=\"lazy\" srcset=\"https:\/\/i3.wp.com\/infantv.com.br\/infantv\/wp-content\/uploads\/2018\/05\/festolandia8.jpg?ssl=1 400w, https:\/\/infantv.com.br\/infantv\/wp-content\/uploads\/2018\/05\/festolandia8-300x229.jpg 300w\" sizes=\"(max-width: 400px) 100vw, 400px\" \/><\/div><p style=\"text-align: center;\"><a href=\"http:\/\/www.infantv.com.br\/infantv\/?p=21131\"><img src=\"data:image\/gif;base64,R0lGODlhAQABAIAAAAAAAP\/\/\/ywAAAAAAQABAAACAUwAOw==\" fifu-lazy=\"1\" fifu-data-sizes=\"auto\" fifu-data-srcset=\"https:\/\/i3.wp.com\/www.infantv.com.br\/infantv\/wp-content\/uploads\/2018\/05\/festolandia_logo.jpg?ssl=1&w=75&resize=75&ssl=1 75w, https:\/\/i3.wp.com\/www.infantv.com.br\/infantv\/wp-content\/uploads\/2018\/05\/festolandia_logo.jpg?ssl=1&w=100&resize=100&ssl=1 100w, https:\/\/i3.wp.com\/www.infantv.com.br\/infantv\/wp-content\/uploads\/2018\/05\/festolandia_logo.jpg?ssl=1&w=150&resize=150&ssl=1 150w, https:\/\/i3.wp.com\/www.infantv.com.br\/infantv\/wp-content\/uploads\/2018\/05\/festolandia_logo.jpg?ssl=1&w=240&resize=240&ssl=1 240w, https:\/\/i3.wp.com\/www.infantv.com.br\/infantv\/wp-content\/uploads\/2018\/05\/festolandia_logo.jpg?ssl=1&w=320&resize=320&ssl=1 320w, https:\/\/i3.wp.com\/www.infantv.com.br\/infantv\/wp-content\/uploads\/2018\/05\/festolandia_logo.jpg?ssl=1&w=500&resize=500&ssl=1 500w, https:\/\/i3.wp.com\/www.infantv.com.br\/infantv\/wp-content\/uploads\/2018\/05\/festolandia_logo.jpg?ssl=1&w=640&resize=640&ssl=1 640w, https:\/\/i3.wp.com\/www.infantv.com.br\/infantv\/wp-content\/uploads\/2018\/05\/festolandia_logo.jpg?ssl=1&w=800&resize=800&ssl=1 800w, https:\/\/i3.wp.com\/www.infantv.com.br\/infantv\/wp-content\/uploads\/2018\/05\/festolandia_logo.jpg?ssl=1&w=1024&resize=1024&ssl=1 1024w, https:\/\/i3.wp.com\/www.infantv.com.br\/infantv\/wp-content\/uploads\/2018\/05\/festolandia_logo.jpg?ssl=1&w=1280&resize=1280&ssl=1 1280w, https:\/\/i3.wp.com\/www.infantv.com.br\/infantv\/wp-content\/uploads\/2018\/05\/festolandia_logo.jpg?ssl=1&w=1600&resize=1600&ssl=1 1600w\" decoding=\"async\" loading=\"lazy\" class=\"aligncenter wp-image-21133 size-full\" style=\"border-radius: 20px;\" fifu-data-src=\"https:\/\/i3.wp.com\/www.infantv.com.br\/infantv\/wp-content\/uploads\/2018\/05\/festolandia_logo.jpg?ssl=1\" alt=\"\" width=\"300\" height=\"229\" \/><\/a><\/p>\n<p style=\"text-align: center;\"><strong>Era Uma Vez<br \/>\n<\/strong><\/p>\n<p style=\"text-align: center;\"><strong>Int\u00e9rprete:<\/strong> Eliana.<br \/>\n<strong>Composi\u00e7\u00e3o:<\/strong> Renato Barbosa.<\/p>\n<p style=\"text-align: center;\">Faz de conta fecha os olhos<br \/>\nFica pronta pra sonhar<br \/>\nImagina o mundo em outro lugar<br \/>\nFaz de conta fantasia<br \/>\nPega a alegria j\u00e1<br \/>\nTodo dia \u00e9 dia de brincar<br \/>\nOlha as fadas as princesas<br \/>\nOlha a natureza l\u00e1<br \/>\nQuanta hist\u00f3ria boa pra contar<\/p>\n<p style=\"text-align: center;\">Era uma vez (era uma vez)<br \/>\nEu e voc\u00eas (eu e voc\u00eas)<br \/>\nEra uma vez<br \/>\nE quem quiser que conte tr\u00eas<\/p>\n<p style=\"text-align: center;\">Era uma vez (era uma vez)<br \/>\nEu e voc\u00eas (eu e voc\u00eas)<br \/>\nEra uma vez<br \/>\nE quem quiser que conte tr\u00eas<\/p>\n<p style=\"text-align: center;\">Era uma vez (era uma vez)<br \/>\nEu e voc\u00eas (eu e voc\u00eas)<br \/>\nEra uma vez<br \/>\nE quem quiser que conte tr\u00eas<\/p>\n<p style=\"text-align: center;\">Era uma vez (era uma vez)<br \/>\nEu e voc\u00eas (eu e voc\u00eas)<br \/>\nEra uma vez<br \/>\nE quem quiser que conte tr\u00eas<\/p>\n","protected":false},"excerpt":{"rendered":"<p>Era Uma Vez Int\u00e9rprete: Eliana. Composi\u00e7\u00e3o: Renato Barbosa. Faz de conta fecha os olhos Fica pronta pra sonhar Imagina o mundo em outro lugar Faz de conta fantasia Pega a alegria j\u00e1 Todo dia \u00e9 dia de brincar Olha as fadas as princesas Olha a natureza l\u00e1 Quanta hist\u00f3ria boa pra contar Era uma vez [&hellip;]<\/p>\n","protected":false},"author":1,"featured_media":21138,"comment_status":"open","ping_status":"open","sticky":false,"template":"","format":"standard","meta":{"cybocfi_hide_featured_image":"","fifu_image_url":"","fifu_image_alt":""},"categories":[22],"tags":[45,50,49,47,106,169,143,42,43,160],"_links":{"self":[{"href":"https:\/\/infantv.com.br\/infantv\/wp-json\/wp\/v2\/posts\/21143"}],"collection":[{"href":"https:\/\/infantv.com.br\/infantv\/wp-json\/wp\/v2\/posts"}],"about":[{"href":"https:\/\/infantv.com.br\/infantv\/wp-json\/wp\/v2\/types\/post"}],"author":[{"embeddable":true,"href":"https:\/\/infantv.com.br\/infantv\/wp-json\/wp\/v2\/users\/1"}],"replies":[{"embeddable":true,"href":"https:\/\/infantv.com.br\/infantv\/wp-json\/wp\/v2\/comments?post=21143"}],"version-history":[{"count":2,"href":"https:\/\/infantv.com.br\/infantv\/wp-json\/wp\/v2\/posts\/21143\/revisions"}],"predecessor-version":[{"id":21145,"href":"https:\/\/infantv.com.br\/infantv\/wp-json\/wp\/v2\/posts\/21143\/revisions\/21145"}],"wp:featuredmedia":[{"embeddable":true,"href":"https:\/\/infantv.com.br\/infantv\/wp-json\/wp\/v2\/media\/21138"}],"wp:attachment":[{"href":"https:\/\/infantv.com.br\/infantv\/wp-json\/wp\/v2\/media?parent=21143"}],"wp:term":[{"taxonomy":"category","embeddable":true,"href":"https:\/\/infantv.com.br\/infantv\/wp-json\/wp\/v2\/categories?post=21143"},{"taxonomy":"post_tag","embeddable":true,"href":"https:\/\/infantv.com.br\/infantv\/wp-json\/wp\/v2\/tags?post=21143"}],"curies":[{"name":"wp","href":"https:\/\/api.w.org\/{rel}","templated":true}]}}