{"id":19967,"date":"2018-01-31T21:34:04","date_gmt":"2018-01-31T21:34:04","guid":{"rendered":"http:\/\/www.infantv.com.br\/infantv\/?p=19967"},"modified":"2018-01-31T21:36:24","modified_gmt":"2018-01-31T21:36:24","slug":"balao-magico-1983-letra-do-tema-de-abertura","status":"publish","type":"post","link":"https:\/\/infantv.com.br\/infantv\/balao-magico-1983-letra-do-tema-de-abertura\/","title":{"rendered":"Bal\u00e3o M\u00e1gico (1983) &#8211; Letra do Tema de Abertura"},"content":{"rendered":"<div style=\"text-align:center\"><img src=\"data:image\/gif;base64,R0lGODlhAQABAIAAAAAAAP\/\/\/ywAAAAAAQABAAACAUwAOw==\" fifu-lazy=\"1\" fifu-data-sizes=\"auto\" fifu-data-srcset=\"https:\/\/i0.wp.com\/infantv.com.br\/infantv\/wp-content\/uploads\/2017\/02\/balao1.jpg?ssl=1&w=75&resize=75&ssl=1 75w, https:\/\/i0.wp.com\/infantv.com.br\/infantv\/wp-content\/uploads\/2017\/02\/balao1.jpg?ssl=1&w=100&resize=100&ssl=1 100w, https:\/\/i0.wp.com\/infantv.com.br\/infantv\/wp-content\/uploads\/2017\/02\/balao1.jpg?ssl=1&w=150&resize=150&ssl=1 150w, https:\/\/i0.wp.com\/infantv.com.br\/infantv\/wp-content\/uploads\/2017\/02\/balao1.jpg?ssl=1&w=240&resize=240&ssl=1 240w, https:\/\/i0.wp.com\/infantv.com.br\/infantv\/wp-content\/uploads\/2017\/02\/balao1.jpg?ssl=1&w=320&resize=320&ssl=1 320w, https:\/\/i0.wp.com\/infantv.com.br\/infantv\/wp-content\/uploads\/2017\/02\/balao1.jpg?ssl=1&w=500&resize=500&ssl=1 500w, https:\/\/i0.wp.com\/infantv.com.br\/infantv\/wp-content\/uploads\/2017\/02\/balao1.jpg?ssl=1&w=640&resize=640&ssl=1 640w, https:\/\/i0.wp.com\/infantv.com.br\/infantv\/wp-content\/uploads\/2017\/02\/balao1.jpg?ssl=1&w=800&resize=800&ssl=1 800w, https:\/\/i0.wp.com\/infantv.com.br\/infantv\/wp-content\/uploads\/2017\/02\/balao1.jpg?ssl=1&w=1024&resize=1024&ssl=1 1024w, https:\/\/i0.wp.com\/infantv.com.br\/infantv\/wp-content\/uploads\/2017\/02\/balao1.jpg?ssl=1&w=1280&resize=1280&ssl=1 1280w, https:\/\/i0.wp.com\/infantv.com.br\/infantv\/wp-content\/uploads\/2017\/02\/balao1.jpg?ssl=1&w=1600&resize=1600&ssl=1 1600w\" width=\"400\" height=\"300\" fifu-data-src=\"https:\/\/i0.wp.com\/infantv.com.br\/infantv\/wp-content\/uploads\/2017\/02\/balao1.jpg?ssl=1\" class=\"attachment-post-thumbnail size-post-thumbnail wp-post-image\" alt=\"Bal\u00e3o M\u00e1gico (1983) \u2013 Letra do Tema de Abertura\" title=\"Bal\u00e3o M\u00e1gico (1983) \u2013 Letra do Tema de Abertura\" decoding=\"async\" loading=\"lazy\" srcset=\"https:\/\/i0.wp.com\/infantv.com.br\/infantv\/wp-content\/uploads\/2017\/02\/balao1.jpg?ssl=1 400w, https:\/\/infantv.com.br\/infantv\/wp-content\/uploads\/2017\/02\/balao1-300x225.jpg 300w\" sizes=\"(max-width: 400px) 100vw, 400px\" \/><\/div><p style=\"text-align: center;\"><a href=\"http:\/\/www.infantv.com.br\/infantv\/?p=19438\"><img src=\"data:image\/gif;base64,R0lGODlhAQABAIAAAAAAAP\/\/\/ywAAAAAAQABAAACAUwAOw==\" fifu-lazy=\"1\" fifu-data-sizes=\"auto\" fifu-data-srcset=\"https:\/\/i1.wp.com\/www.infantv.com.br\/infantv\/wp-content\/uploads\/2017\/02\/balao_logo.jpg?ssl=1&w=75&resize=75&ssl=1 75w, https:\/\/i1.wp.com\/www.infantv.com.br\/infantv\/wp-content\/uploads\/2017\/02\/balao_logo.jpg?ssl=1&w=100&resize=100&ssl=1 100w, https:\/\/i1.wp.com\/www.infantv.com.br\/infantv\/wp-content\/uploads\/2017\/02\/balao_logo.jpg?ssl=1&w=150&resize=150&ssl=1 150w, https:\/\/i1.wp.com\/www.infantv.com.br\/infantv\/wp-content\/uploads\/2017\/02\/balao_logo.jpg?ssl=1&w=240&resize=240&ssl=1 240w, https:\/\/i1.wp.com\/www.infantv.com.br\/infantv\/wp-content\/uploads\/2017\/02\/balao_logo.jpg?ssl=1&w=320&resize=320&ssl=1 320w, https:\/\/i1.wp.com\/www.infantv.com.br\/infantv\/wp-content\/uploads\/2017\/02\/balao_logo.jpg?ssl=1&w=500&resize=500&ssl=1 500w, https:\/\/i1.wp.com\/www.infantv.com.br\/infantv\/wp-content\/uploads\/2017\/02\/balao_logo.jpg?ssl=1&w=640&resize=640&ssl=1 640w, https:\/\/i1.wp.com\/www.infantv.com.br\/infantv\/wp-content\/uploads\/2017\/02\/balao_logo.jpg?ssl=1&w=800&resize=800&ssl=1 800w, https:\/\/i1.wp.com\/www.infantv.com.br\/infantv\/wp-content\/uploads\/2017\/02\/balao_logo.jpg?ssl=1&w=1024&resize=1024&ssl=1 1024w, https:\/\/i1.wp.com\/www.infantv.com.br\/infantv\/wp-content\/uploads\/2017\/02\/balao_logo.jpg?ssl=1&w=1280&resize=1280&ssl=1 1280w, https:\/\/i1.wp.com\/www.infantv.com.br\/infantv\/wp-content\/uploads\/2017\/02\/balao_logo.jpg?ssl=1&w=1600&resize=1600&ssl=1 1600w\" decoding=\"async\" loading=\"lazy\" class=\"alignnone wp-image-19441 size-full\" style=\"border-radius: 20px;\" fifu-data-src=\"https:\/\/i1.wp.com\/www.infantv.com.br\/infantv\/wp-content\/uploads\/2017\/02\/balao_logo.jpg?ssl=1\" alt=\"\" width=\"300\" height=\"229\" \/><\/a><\/p>\n<p style=\"text-align: center;\"><strong>Lindo Bal\u00e3o Azul<br \/>\n<\/strong><\/p>\n<p style=\"text-align: center;\"><strong>Int\u00e9rprete:<\/strong> Moraes Moreira, Baby Consuelo, Ricardo Gra\u00e7a Melo e Bebel Gilberto<br \/>\n<strong>Composi\u00e7\u00e3o:<\/strong> Guilherme Arantes<\/p>\n<p style=\"text-align: center;\">Eu vivo sempre no mundo da lua<br \/>\nPorque sou um cientista<br \/>\nO meu papo \u00e9 futurista e lun\u00e1tico<br \/>\nEu vivo sempre no mundo da lua<br \/>\nTenho alma de artista<br \/>\nSou um g\u00eanio sonhador e rom\u00e2ntico<\/p>\n<p style=\"text-align: center;\">Eu vivo sempre no mundo da lua<br \/>\nPorque sou aventureiro<br \/>\nDesde o meu primeiro passo pro infinito<br \/>\nEu vivo sempre no mundo da lua<br \/>\nPorque sou inteligente<br \/>\nSe voc\u00ea quer vir com a gente<br \/>\nVenha que ser\u00e1 um barato<\/p>\n<p style=\"text-align: center;\">Pegar carona nessa cauda de cometa<br \/>\nVer a Via L\u00e1ctea, estrada t\u00e3o bonita<br \/>\nBrincar de esconde-esconde numa nebulosa<br \/>\nVoltar pra casa nesse lindo bal\u00e3o azul<br \/>\nPegar carona nessa cauda de cometa<br \/>\nVer a Via L\u00e1ctea, estrada t\u00e3o bonita<br \/>\nBrincar de esconde-esconde numa nebulosa<br \/>\nVoltar pra casa nesse lindo bal\u00e3o azul<\/p>\n<p style=\"text-align: center;\">Pegar carona nessa cauda de cometa<br \/>\nVer a Via L\u00e1ctea, estrada t\u00e3o bonita<br \/>\nBrincar de esconde-esconde numa nebulosa<br \/>\nVoltar pra casa nesse lindo bal\u00e3o azul<br \/>\nPegar carona nessa cauda de cometa<br \/>\nVer a Via L\u00e1ctea, estrada t\u00e3o bonita<br \/>\nBrincar de esconde-esconde numa nebulosa<br \/>\nVoltar pra casa nesse lindo bal\u00e3o azul<\/p>\n<p style=\"text-align: center;\">Nosso lindo bal\u00e3o azul<br \/>\nNosso lindo bal\u00e3o azul<br \/>\nNosso lindo bal\u00e3o azul.<\/p>\n<hr \/>\n<p style=\"text-align: center;\">\n<p style=\"text-align: center;\"><strong>Depende de N\u00f3s<\/strong><\/p>\n<p style=\"text-align: center;\"><strong>Int\u00e9rprete:<\/strong> Orquestra Som Livre<br \/>\n<strong>Composi\u00e7\u00e3o:<\/strong> Ivan Lins<\/p>\n<p>Depende de n\u00f3s<br \/>\nQuem j\u00e1 foi ou ainda \u00e9 crian\u00e7a<br \/>\nQue acredita ou tem esperan\u00e7a<br \/>\nQuem faz tudo pra um mundo melhor<\/p>\n<p>Depende de n\u00f3s<br \/>\nQue o circo esteja armado<br \/>\nQue o palha\u00e7o esteja engra\u00e7ado<br \/>\nQue o riso esteja no ar<br \/>\nSem que a gente precise sonhar<\/p>\n<p>Que os ventos cantem nos galhos<br \/>\nQue as folhas bebam orvalhos<br \/>\nQue o sol descortine mais as manh\u00e3s<\/p>\n<p>Depende de n\u00f3s<br \/>\nSe esse mundo ainda tem jeito<br \/>\nApesar do que o homem tem feito<br \/>\nSe a vida sobreviver\u00e1<\/p>\n<p>Que os ventos cantem nos galhos<br \/>\nQue as folhas bebam orvalhos<br \/>\nQue o sol descortine mais as manh\u00e3s<\/p>\n<p>Depende de n\u00f3s<br \/>\nSe esse mundo ainda tem jeito<br \/>\nApesar do que o homem tem feito<br \/>\nSe a vida sobreviver\u00e1<\/p>\n<p>Depende de n\u00f3s<br \/>\nQuem j\u00e1 foi ou ainda \u00e9 crian\u00e7a<br \/>\nQue acredita ou tem esperan\u00e7a<br \/>\nQuem faz tudo pra um mundo melhor<\/p>\n","protected":false},"excerpt":{"rendered":"<p>Lindo Bal\u00e3o Azul Int\u00e9rprete: Moraes Moreira, Baby Consuelo, Ricardo Gra\u00e7a Melo e Bebel Gilberto Composi\u00e7\u00e3o: Guilherme Arantes Eu vivo sempre no mundo da lua Porque sou um cientista O meu papo \u00e9 futurista e lun\u00e1tico Eu vivo sempre no mundo da lua Tenho alma de artista Sou um g\u00eanio sonhador e rom\u00e2ntico Eu vivo sempre [&hellip;]<\/p>\n","protected":false},"author":1,"featured_media":19447,"comment_status":"open","ping_status":"open","sticky":false,"template":"","format":"standard","meta":{"cybocfi_hide_featured_image":"","fifu_image_url":"","fifu_image_alt":""},"categories":[22],"tags":[],"_links":{"self":[{"href":"https:\/\/infantv.com.br\/infantv\/wp-json\/wp\/v2\/posts\/19967"}],"collection":[{"href":"https:\/\/infantv.com.br\/infantv\/wp-json\/wp\/v2\/posts"}],"about":[{"href":"https:\/\/infantv.com.br\/infantv\/wp-json\/wp\/v2\/types\/post"}],"author":[{"embeddable":true,"href":"https:\/\/infantv.com.br\/infantv\/wp-json\/wp\/v2\/users\/1"}],"replies":[{"embeddable":true,"href":"https:\/\/infantv.com.br\/infantv\/wp-json\/wp\/v2\/comments?post=19967"}],"version-history":[{"count":3,"href":"https:\/\/infantv.com.br\/infantv\/wp-json\/wp\/v2\/posts\/19967\/revisions"}],"predecessor-version":[{"id":19970,"href":"https:\/\/infantv.com.br\/infantv\/wp-json\/wp\/v2\/posts\/19967\/revisions\/19970"}],"wp:featuredmedia":[{"embeddable":true,"href":"https:\/\/infantv.com.br\/infantv\/wp-json\/wp\/v2\/media\/19447"}],"wp:attachment":[{"href":"https:\/\/infantv.com.br\/infantv\/wp-json\/wp\/v2\/media?parent=19967"}],"wp:term":[{"taxonomy":"category","embeddable":true,"href":"https:\/\/infantv.com.br\/infantv\/wp-json\/wp\/v2\/categories?post=19967"},{"taxonomy":"post_tag","embeddable":true,"href":"https:\/\/infantv.com.br\/infantv\/wp-json\/wp\/v2\/tags?post=19967"}],"curies":[{"name":"wp","href":"https:\/\/api.w.org\/{rel}","templated":true}]}}