{"id":18257,"date":"2015-01-10T15:24:36","date_gmt":"2015-01-10T15:24:36","guid":{"rendered":"http:\/\/infantv.com.br\/infantv\/?p=18257"},"modified":"2017-01-10T17:25:57","modified_gmt":"2017-01-10T17:25:57","slug":"entrevista-orlando-drummond-a-voz-do-scooby-doo-no-brasil","status":"publish","type":"post","link":"https:\/\/infantv.com.br\/infantv\/entrevista-orlando-drummond-a-voz-do-scooby-doo-no-brasil\/","title":{"rendered":"Entrevista &#8211; Orlando Drummond, a voz do Scooby-Doo no Brasil"},"content":{"rendered":"<div style=\"text-align:center\"><img src=\"data:image\/gif;base64,R0lGODlhAQABAIAAAAAAAP\/\/\/ywAAAAAAQABAAACAUwAOw==\" fifu-lazy=\"1\" fifu-data-sizes=\"auto\" fifu-data-srcset=\"https:\/\/i0.wp.com\/infantv.com.br\/infantv\/wp-content\/uploads\/2016\/06\/orlandodrummond.jpg?ssl=1&w=75&resize=75&ssl=1 75w, https:\/\/i0.wp.com\/infantv.com.br\/infantv\/wp-content\/uploads\/2016\/06\/orlandodrummond.jpg?ssl=1&w=100&resize=100&ssl=1 100w, https:\/\/i0.wp.com\/infantv.com.br\/infantv\/wp-content\/uploads\/2016\/06\/orlandodrummond.jpg?ssl=1&w=150&resize=150&ssl=1 150w, https:\/\/i0.wp.com\/infantv.com.br\/infantv\/wp-content\/uploads\/2016\/06\/orlandodrummond.jpg?ssl=1&w=240&resize=240&ssl=1 240w, https:\/\/i0.wp.com\/infantv.com.br\/infantv\/wp-content\/uploads\/2016\/06\/orlandodrummond.jpg?ssl=1&w=320&resize=320&ssl=1 320w, https:\/\/i0.wp.com\/infantv.com.br\/infantv\/wp-content\/uploads\/2016\/06\/orlandodrummond.jpg?ssl=1&w=500&resize=500&ssl=1 500w, https:\/\/i0.wp.com\/infantv.com.br\/infantv\/wp-content\/uploads\/2016\/06\/orlandodrummond.jpg?ssl=1&w=640&resize=640&ssl=1 640w, https:\/\/i0.wp.com\/infantv.com.br\/infantv\/wp-content\/uploads\/2016\/06\/orlandodrummond.jpg?ssl=1&w=800&resize=800&ssl=1 800w, https:\/\/i0.wp.com\/infantv.com.br\/infantv\/wp-content\/uploads\/2016\/06\/orlandodrummond.jpg?ssl=1&w=1024&resize=1024&ssl=1 1024w, https:\/\/i0.wp.com\/infantv.com.br\/infantv\/wp-content\/uploads\/2016\/06\/orlandodrummond.jpg?ssl=1&w=1280&resize=1280&ssl=1 1280w, https:\/\/i0.wp.com\/infantv.com.br\/infantv\/wp-content\/uploads\/2016\/06\/orlandodrummond.jpg?ssl=1&w=1600&resize=1600&ssl=1 1600w\" width=\"210\" height=\"240\" fifu-data-src=\"https:\/\/i0.wp.com\/infantv.com.br\/infantv\/wp-content\/uploads\/2016\/06\/orlandodrummond.jpg?ssl=1\" class=\"attachment-post-thumbnail size-post-thumbnail wp-post-image\" alt=\"Entrevista \u2013 Orlando Drummond, a voz do Scooby-Doo no Brasil\" title=\"Entrevista \u2013 Orlando Drummond, a voz do Scooby-Doo no Brasil\" decoding=\"async\" loading=\"lazy\" \/><\/div><h2><strong> Orlando Drummond, a voz do Scooby-Doo e Popeye no Brasil<br \/>\n<\/strong><\/h2>\n<p><em>Entrevista realizada por Iza\u00edas Correia<\/em><\/p>\n<figure id=\"attachment_18261\" aria-describedby=\"caption-attachment-18261\" style=\"width: 380px\" class=\"wp-caption alignleft\"><a href=\"http:\/\/infantv.com.br\/infantv\/wp-content\/uploads\/2017\/01\/od.jpg\"><img src=\"data:image\/gif;base64,R0lGODlhAQABAIAAAAAAAP\/\/\/ywAAAAAAQABAAACAUwAOw==\" fifu-lazy=\"1\" fifu-data-sizes=\"auto\" fifu-data-srcset=\"https:\/\/i0.wp.com\/infantv.com.br\/infantv\/wp-content\/uploads\/2017\/01\/od.jpg?ssl=1&w=75&resize=75&ssl=1 75w, https:\/\/i0.wp.com\/infantv.com.br\/infantv\/wp-content\/uploads\/2017\/01\/od.jpg?ssl=1&w=100&resize=100&ssl=1 100w, https:\/\/i0.wp.com\/infantv.com.br\/infantv\/wp-content\/uploads\/2017\/01\/od.jpg?ssl=1&w=150&resize=150&ssl=1 150w, https:\/\/i0.wp.com\/infantv.com.br\/infantv\/wp-content\/uploads\/2017\/01\/od.jpg?ssl=1&w=240&resize=240&ssl=1 240w, https:\/\/i0.wp.com\/infantv.com.br\/infantv\/wp-content\/uploads\/2017\/01\/od.jpg?ssl=1&w=320&resize=320&ssl=1 320w, https:\/\/i0.wp.com\/infantv.com.br\/infantv\/wp-content\/uploads\/2017\/01\/od.jpg?ssl=1&w=500&resize=500&ssl=1 500w, https:\/\/i0.wp.com\/infantv.com.br\/infantv\/wp-content\/uploads\/2017\/01\/od.jpg?ssl=1&w=640&resize=640&ssl=1 640w, https:\/\/i0.wp.com\/infantv.com.br\/infantv\/wp-content\/uploads\/2017\/01\/od.jpg?ssl=1&w=800&resize=800&ssl=1 800w, https:\/\/i0.wp.com\/infantv.com.br\/infantv\/wp-content\/uploads\/2017\/01\/od.jpg?ssl=1&w=1024&resize=1024&ssl=1 1024w, https:\/\/i0.wp.com\/infantv.com.br\/infantv\/wp-content\/uploads\/2017\/01\/od.jpg?ssl=1&w=1280&resize=1280&ssl=1 1280w, https:\/\/i0.wp.com\/infantv.com.br\/infantv\/wp-content\/uploads\/2017\/01\/od.jpg?ssl=1&w=1600&resize=1600&ssl=1 1600w\" decoding=\"async\" loading=\"lazy\" class=\"wp-image-18261\" fifu-data-src=\"https:\/\/i0.wp.com\/infantv.com.br\/infantv\/wp-content\/uploads\/2017\/01\/od.jpg?ssl=1\" alt=\"\" width=\"380\" height=\"238\" srcset=\"https:\/\/infantv.com.br\/infantv\/wp-content\/uploads\/2017\/01\/od.jpg 450w, https:\/\/infantv.com.br\/infantv\/wp-content\/uploads\/2017\/01\/od-300x188.jpg 300w\" sizes=\"(max-width: 380px) 100vw, 380px\" \/><\/a><figcaption id=\"caption-attachment-18261\" class=\"wp-caption-text\">Orlando Drummond a voz do Scooby-Doo.<\/figcaption><\/figure>\n<p style=\"text-align: justify;\">Orlando Drummond Cardoso, \u00e9 apenas, na opini\u00e3o de muitos, o melhor dublador brasileiro de todos os tempos. Drummond nasceu em S\u00e3o Paulo, no dia 19 de abril de 1921.<\/p>\n<p style=\"text-align: justify;\">Iniciou sua carreira em 1942 como contrarregra, depois encenou filmes como Rei do Movimento (1954) e Angu de Caro\u00e7o (1955), na \u00e9poca era necess\u00e1rio dublar os pr\u00f3prios personagens depois de gravado o filme, foi o primeiro passo para uma carreira de sucesso para Drummond no mercado da dublagem. Em 1956 quando o ator atuou como radialista foi o passo final para que ele ingressasse na carreira de dublador, onde emprestou sua voz a uma infinidade de personagens que marcou a inf\u00e2ncia de muita gente.<\/p>\n<p style=\"text-align: justify;\">Fora das telas, Drummond \u00e9 um conhecido comediante. Com o amigo Ivon Cury, o humorista rodou todo o Brasil com um stand-up comedy de tr\u00eas horas e meia. A id\u00e9ia foi abandonada ap\u00f3s a morte do parceiro.<\/p>\n<p style=\"text-align: justify;\">Como ator, participou da Escolinha do Professor Raimundo interpretando o Seu Peru, do Zorra Total interpretando o \u00cdndio Cacique e da telenovela Ca\u00e7a Talentos interpretando o Zaratrusta.<\/p>\n<p style=\"text-align: justify;\">Entre os personagens dublados por Drummond est\u00e3o: Scooby-Doo, Popeye, Bionic\u00e3o, Dr. Kawa, Oliver Hardy, Hong Kong Fu, Gato Guerreiro, Trailbreaker, Abele\u00e3o, Vingador, Sargento Garcia, Gargamel, Frangolino, Bafo-de-On\u00e7a, Max, Coisa, entre outros.<\/p>\n<p style=\"text-align: justify;\">Sempre bem humorado, Orlando Drummond nos concedeu esse bate-papo maravilhoso e descontra\u00eddo para falar um pouco mais sobre sua carreira. Com voc\u00eas&#8230;o Papa da Dublagem&#8230;Orlando Drummond!<\/p>\n<p style=\"text-align: justify;\">.<\/p>\n<hr \/>\n<h3 style=\"text-align: center;\">&#8220;Voc\u00ea n\u00e3o imagina a alegria de trabalhar<br \/>\npara a crian\u00e7a de hoje, adulto de amanh\u00e3.&#8221;<\/h3>\n<p style=\"text-align: center;\"><em>Orlando Drummond<br \/>\n<\/em><\/p>\n<figure id=\"attachment_18258\" aria-describedby=\"caption-attachment-18258\" style=\"width: 300px\" class=\"wp-caption alignleft\"><a href=\"http:\/\/infantv.com.br\/infantv\/wp-content\/uploads\/2017\/01\/orlando_drummond.jpeg\"><img src=\"data:image\/gif;base64,R0lGODlhAQABAIAAAAAAAP\/\/\/ywAAAAAAQABAAACAUwAOw==\" fifu-lazy=\"1\" fifu-data-sizes=\"auto\" fifu-data-srcset=\"https:\/\/i0.wp.com\/infantv.com.br\/infantv\/wp-content\/uploads\/2017\/01\/orlando_drummond.jpeg?ssl=1&w=75&resize=75&ssl=1 75w, https:\/\/i0.wp.com\/infantv.com.br\/infantv\/wp-content\/uploads\/2017\/01\/orlando_drummond.jpeg?ssl=1&w=100&resize=100&ssl=1 100w, https:\/\/i0.wp.com\/infantv.com.br\/infantv\/wp-content\/uploads\/2017\/01\/orlando_drummond.jpeg?ssl=1&w=150&resize=150&ssl=1 150w, https:\/\/i0.wp.com\/infantv.com.br\/infantv\/wp-content\/uploads\/2017\/01\/orlando_drummond.jpeg?ssl=1&w=240&resize=240&ssl=1 240w, https:\/\/i0.wp.com\/infantv.com.br\/infantv\/wp-content\/uploads\/2017\/01\/orlando_drummond.jpeg?ssl=1&w=320&resize=320&ssl=1 320w, https:\/\/i0.wp.com\/infantv.com.br\/infantv\/wp-content\/uploads\/2017\/01\/orlando_drummond.jpeg?ssl=1&w=500&resize=500&ssl=1 500w, https:\/\/i0.wp.com\/infantv.com.br\/infantv\/wp-content\/uploads\/2017\/01\/orlando_drummond.jpeg?ssl=1&w=640&resize=640&ssl=1 640w, https:\/\/i0.wp.com\/infantv.com.br\/infantv\/wp-content\/uploads\/2017\/01\/orlando_drummond.jpeg?ssl=1&w=800&resize=800&ssl=1 800w, https:\/\/i0.wp.com\/infantv.com.br\/infantv\/wp-content\/uploads\/2017\/01\/orlando_drummond.jpeg?ssl=1&w=1024&resize=1024&ssl=1 1024w, https:\/\/i0.wp.com\/infantv.com.br\/infantv\/wp-content\/uploads\/2017\/01\/orlando_drummond.jpeg?ssl=1&w=1280&resize=1280&ssl=1 1280w, https:\/\/i0.wp.com\/infantv.com.br\/infantv\/wp-content\/uploads\/2017\/01\/orlando_drummond.jpeg?ssl=1&w=1600&resize=1600&ssl=1 1600w\" decoding=\"async\" loading=\"lazy\" class=\"wp-image-18258 size-full\" fifu-data-src=\"https:\/\/i0.wp.com\/infantv.com.br\/infantv\/wp-content\/uploads\/2017\/01\/orlando_drummond.jpeg?ssl=1\" alt=\"orlando_drummond\" width=\"300\" height=\"225\" \/><\/a><figcaption id=\"caption-attachment-18258\" class=\"wp-caption-text\">Orlando Drummond fazendo aquilo que mais gosta.<\/figcaption><\/figure>\n<p style=\"text-align: justify;\"><strong>INFANTV &#8211; Orlando Drummond, como voc\u00ea come\u00e7ou a carreira art\u00edstica?<\/strong><br \/>\nORLANDO DRUMMOND &#8211; Comecei minha carreira como contrarregra em 1942 na R\u00e1dio Tupi. Foi um in\u00edcio muito bom, onde conheci alguns dos maiores atores da \u00e9poca como Proc\u00f3pio Ferreira, Bibi Ferreira, Carlos Machado, Olavo de Barros, Restier Jr., Tina Vita, Sonia Barreto, al\u00e9m de Paulo Gracindo, meu Guru, que como Diretor do R\u00e1dio Teatro, me deu a chance de me tornar um R\u00e1dio-Ator, dali seguindo minha carreira, j\u00e1 como comediante, at\u00e9 os dias de hoje, gra\u00e7as a Deus.<\/p>\n<p style=\"text-align: justify;\"><strong>ITV &#8211; Ent\u00e3o veio a dublagem&#8230;<\/strong><br \/>\nOD &#8211; Tornei-me dublador em 1960, atuando na &#8220;ZIV&#8221;, atual &#8220;Delart&#8221;, do Carlos De La Riva, e no Herbert Richers, que eram as duas melhores empresas do g\u00eanero, e nas quais trabalho at\u00e9 hoje..<\/p>\n<p style=\"text-align: justify;\"><strong>ITV &#8211; Voc\u00ea lembra do primeiro trabalho de destaque na dublagem?<\/strong><br \/>\nOD &#8211; Meu primeiro destaque foi na s\u00e9rie &#8220;Os Tr\u00eas Mosqueteiros&#8221;, em que fazia a voz do gord\u00e3o Porthos. Depois veio o Sargento Garcia, no Zorro.<\/p>\n<p style=\"text-align: justify;\"><strong>ITV &#8211; Como comp\u00f4s o personagem Popeye, nota-se que voc\u00ea mudou um pouco sua voz ali?<\/strong><br \/>\nOD &#8211; No Popeye procurei manter o mesmo padr\u00e3o de voz do original. A decis\u00e3o se mostrou a mais acertada, afinal o Popeye foi um sucesso e \u00e9 um dos personagens mais marcantes de minha carreira de dublador.<\/p>\n<p style=\"text-align: justify;\"><strong>ITV &#8211; Uma das parcerias da dublagem mais amadas no Brasil \u00e9 a sua com o Monjardim, com Scooby e Salsicha, simplesmente por ter ficado melhor do que o original. Fale sobre esse trabalho.<\/strong><br \/>\nOD &#8211; Realmente me deu muito prazer fazer a voz do Scooby-Doo, especialmente pela oportunidade de estabelecer a parceria perfeita com o M\u00e1rio Monjardim, meu Amigo de f\u00e9 e dublador do Salsicha. Vale lembrar que a minha cria\u00e7\u00e3o me valeu a entrada no Guiness Book, como a dublagem de desenho animado a ficar no ar por mais tempo, cerca de 34 anos.<\/p>\n<p style=\"text-align: justify;\"><strong>ITV &#8211; O Alf tem um jeit\u00e3o malandro e brincalh\u00e3o, com g\u00edrias bem brasileiras, voc\u00ea teve essa liberdade para nacionalizar o personagem?<\/strong><br \/>\nOD &#8211; Foi o segundo personagem que me deu muito prazer de fazer. Tive a liberdade para criar e lancei o &#8220;T\u00e1 limpo!!&#8221;. No original o Alf dizia: &#8220;No problem!&#8221;. Imagina s\u00f3 que neg\u00f3cio sem gra\u00e7a a tradu\u00e7\u00e3o literal &#8220;sem problema!&#8221;. Mandei o &#8220;T\u00e1 limpo!!&#8221; que ficou uma coisa com muito mais tempero.<\/p>\n<p style=\"text-align: justify;\"><strong>ITV &#8211; Dentro da imensa filmografia que voc\u00ea tem, algum personagem te marcou e pouca gente o menciona?<\/strong><br \/>\nOD &#8211; N\u00e3o. Todos os principais personagens que eu dublei est\u00e3o na boca do povo.<\/p>\n<p style=\"text-align: justify;\"><strong>ITV &#8211; Como voc\u00ea convive com o t\u00edtulo de &#8220;Papa da Dublagem Brasileira&#8221;?<\/strong><br \/>\nOD &#8211; Esse t\u00edtulo de &#8220;Papa&#8221; \u00e9 coisa de antiguidade. Sou dos mais antigos dubladores em atividade.<\/p>\n<p style=\"text-align: justify;\"><strong>ITV &#8211; Pra voc\u00ea, o que \u00e9 ter feito parte da inf\u00e2ncia de tanta gente?<\/strong><br \/>\nOD &#8211; Voc\u00ea n\u00e3o imagina a alegria de trabalhar para a crian\u00e7a de hoje, adulto de amanh\u00e3. Frequentemente sou surpreendido por um adulto de hoje, crian\u00e7a de ontem, que menciona o fato de eu fazer parte de suas recorda\u00e7\u00f5es de inf\u00e2ncia. S\u00e3o encontros emocionados de parte a parte e, particularmente pra mim, muito gratificantes. S\u00e3o cinquenta anos, bicho! E hoje digo que valeu demais.<\/p>\n<p style=\"text-align: justify;\"><strong>ITV &#8211; Voc\u00ea pode ser considerado o primeiro dublador brasileiro da Disney. Nos conte essa hist\u00f3ria.<\/strong><br \/>\nOD &#8211; Foi realmente um acontecimento. Participei de um filme do Disney em 1947. Primeiro fiz a voz gravada que foi para os est\u00fadios da Disney para colocarem as imagens de acordo com a voz, exatamente ao contr\u00e1rio do que \u00e9 feito hoje, que \u00e9 colocar a voz na imagem. Hoje \u00e9 muito mais complicado, sem d\u00favida nenhuma.<\/p>\n<p style=\"text-align: justify;\"><strong>ITV &#8211; Que companheiro de dublagem te deu mais prazer em trabalhar? Com quem gostaria de ter trabalhado?<\/strong><br \/>\nOD &#8211; O prazer maior foi com o M\u00e1rio Monjardim, extraordin\u00e1rio dublador e diretor, mas, acima de tudo, grande e querido Amigo. Nestes cinquenta anos de dublagem trabalhei com todos os talentos. Posso citar alguns, misturando uns mais antigos com uns mais recentes: Alberto Perez, Jorge Ramos, Alan Lima, Andr\u00e9 Filho, Isaac Bardavid, Mauro Ramos, Sonia Ferreira, Marlene Costa, Sum\u00e1ra Louise, Miriam Fischer,\u00a0 Nizo Neto e muitos outros.<\/p>\n<figure id=\"attachment_18260\" aria-describedby=\"caption-attachment-18260\" style=\"width: 320px\" class=\"wp-caption alignright\"><a href=\"http:\/\/infantv.com.br\/infantv\/wp-content\/uploads\/2017\/01\/orlandoperu.jpg\"><img src=\"data:image\/gif;base64,R0lGODlhAQABAIAAAAAAAP\/\/\/ywAAAAAAQABAAACAUwAOw==\" fifu-lazy=\"1\" fifu-data-sizes=\"auto\" fifu-data-srcset=\"https:\/\/i2.wp.com\/infantv.com.br\/infantv\/wp-content\/uploads\/2017\/01\/orlandoperu.jpg?ssl=1&w=75&resize=75&ssl=1 75w, https:\/\/i2.wp.com\/infantv.com.br\/infantv\/wp-content\/uploads\/2017\/01\/orlandoperu.jpg?ssl=1&w=100&resize=100&ssl=1 100w, https:\/\/i2.wp.com\/infantv.com.br\/infantv\/wp-content\/uploads\/2017\/01\/orlandoperu.jpg?ssl=1&w=150&resize=150&ssl=1 150w, https:\/\/i2.wp.com\/infantv.com.br\/infantv\/wp-content\/uploads\/2017\/01\/orlandoperu.jpg?ssl=1&w=240&resize=240&ssl=1 240w, https:\/\/i2.wp.com\/infantv.com.br\/infantv\/wp-content\/uploads\/2017\/01\/orlandoperu.jpg?ssl=1&w=320&resize=320&ssl=1 320w, https:\/\/i2.wp.com\/infantv.com.br\/infantv\/wp-content\/uploads\/2017\/01\/orlandoperu.jpg?ssl=1&w=500&resize=500&ssl=1 500w, https:\/\/i2.wp.com\/infantv.com.br\/infantv\/wp-content\/uploads\/2017\/01\/orlandoperu.jpg?ssl=1&w=640&resize=640&ssl=1 640w, https:\/\/i2.wp.com\/infantv.com.br\/infantv\/wp-content\/uploads\/2017\/01\/orlandoperu.jpg?ssl=1&w=800&resize=800&ssl=1 800w, https:\/\/i2.wp.com\/infantv.com.br\/infantv\/wp-content\/uploads\/2017\/01\/orlandoperu.jpg?ssl=1&w=1024&resize=1024&ssl=1 1024w, https:\/\/i2.wp.com\/infantv.com.br\/infantv\/wp-content\/uploads\/2017\/01\/orlandoperu.jpg?ssl=1&w=1280&resize=1280&ssl=1 1280w, https:\/\/i2.wp.com\/infantv.com.br\/infantv\/wp-content\/uploads\/2017\/01\/orlandoperu.jpg?ssl=1&w=1600&resize=1600&ssl=1 1600w\" decoding=\"async\" loading=\"lazy\" class=\"wp-image-18260 size-full\" fifu-data-src=\"https:\/\/i2.wp.com\/infantv.com.br\/infantv\/wp-content\/uploads\/2017\/01\/orlandoperu.jpg?ssl=1\" alt=\"orlandoperu\" width=\"320\" height=\"240\" srcset=\"https:\/\/infantv.com.br\/infantv\/wp-content\/uploads\/2017\/01\/orlandoperu.jpg 320w, https:\/\/infantv.com.br\/infantv\/wp-content\/uploads\/2017\/01\/orlandoperu-300x225.jpg 300w\" sizes=\"(max-width: 320px) 100vw, 320px\" \/><\/a><figcaption id=\"caption-attachment-18260\" class=\"wp-caption-text\">Drummond interpretando o Seu Peru.<\/figcaption><\/figure>\n<p style=\"text-align: justify;\"><strong>ITV &#8211; Da nova safra de profissionais da dublagem quais os nomes que mais lhe chamam a aten\u00e7\u00e3o?<\/strong><br \/>\nOD &#8211; Da nov\u00edssima safra, pela versatilidade e profissionalismo, Felipe Drummond, meu neto, de apenas 21 anos. Outros, mais velhos e com mais bagagem, que eu citaria, s\u00e3o: Guilherme Briggs, Alexandre Moreno, Felipe Grinan, Peterson Adriano, Ricardo Juarez e Phillipe Maia. Pe\u00e7o desculpas se me esqueci de algu\u00e9m.<\/p>\n<p style=\"text-align: justify;\"><strong>ITV &#8211; Se voc\u00ea tivesse que apontar algum momento emocionante em sua carreira de dublador, qual seria?<\/strong><br \/>\nOD &#8211; Em cinquenta anos de trabalho, tudo tem sido maravilhoso. Nada pode ser mais emocionante do que isso!<\/p>\n<p style=\"text-align: justify;\"><strong>ITV &#8211; Como veio o convite para Escolinha do Professor Raimundo?<\/strong><br \/>\nOD &#8211; A princ\u00edpio, n\u00e3o era eu o escolhido para o papel. Mas o outro ator escalado nunca havia interpretado um homossexual, raz\u00e3o pela qual desistiu do papel. Tomando conhecimento, o Chico Anysio mandou me chamar e, assim, Seu Peru j\u00e1 nasceu dizendo: &#8220;Foi a Gl\u00f3ria!!&#8230; Dei o maiorrrrrrapoio!!&#8221;<\/p>\n<p style=\"text-align: justify;\"><strong>ITV &#8211; \u00c9 verdade que o sucesso de Seu Peru acabou quase mudando seu nome?<\/strong><br \/>\nOD &#8211; De certa forma, sim. Seu Peru \u00e9 daqueles personagens que ganham vida e al\u00e7am voo pr\u00f3prio. No imagin\u00e1rio popular, alguns personagens se tornam indissoci\u00e1veis de seus int\u00e9rpretes. O Seu Peru \u00e9 um destes casos. \u00c9 comum as pessoas se dirigirem a mim, me tratando de Seu Peru.<\/p>\n<p style=\"text-align: justify;\"><strong>ITV &#8211; Tem alguma hist\u00f3ria curiosa do p\u00fablico em rela\u00e7\u00e3o ao Seu Peru?<\/strong><br \/>\nOD &#8211; Sim, h\u00e1 alguns anos. Moro em Vila Isabel e, certa vez, voltando de grava\u00e7\u00e3o no PROJAC, fui obrigado a parar por uma rapaziada barra-pesada. Os caras j\u00e1 iam come\u00e7ar a me &#8220;depenar&#8221; quando um deles, que parecia ser o l\u00edder, disse: &#8220;Ih!!! Eu manjo esse cara!! \u00c9 o Seu Peru, da Escolinha. \u00c9 a voz do Popeye e do Scooby-Doo!!&#8221;. A\u00ed o malandro aliviou e at\u00e9 me convidou pra tomar uma cervejinha.!<\/p>\n<p style=\"text-align: justify;\"><strong>ITV &#8211; Em 2003 voc\u00ea ganhou uma merecida homenagem quando foi criada a Oficina de Teatro Orlando Drummond.<\/strong><br \/>\nOD &#8211; Gosto muito de S\u00e3o Louren\u00e7o, est\u00e2ncia hidromineral no sul de Minas Gerais. \u00c9 um lugar de que gosto muito e onde mantenho um apartamento que \u00e9 meu ref\u00fagio de f\u00e9rias e feriados. Mod\u00e9stia a parte, sou muito querido por l\u00e1, j\u00e1 tendo recebido at\u00e9 o T\u00edtulo de Cidad\u00e3o Honor\u00e1rio de S\u00e3o Louren\u00e7o. Ent\u00e3o \u00e9 um lugar onde fiz muitos amigos. Dois destes amigos, o casal Helena e Nei, Cabos da Pol\u00edcia Militar, na \u00e9poca servindo em Carmo de Minas, cidade vizinha, mantinham um bel\u00edssimo trabalho social junto a crian\u00e7as carentes. Dentre outras atividades, os jovens frequentavam uma escola de Teatro, que acabou recebendo meu nome, numa homenagem que muito me emocionou.<\/p>\n<figure id=\"attachment_18259\" aria-describedby=\"caption-attachment-18259\" style=\"width: 400px\" class=\"wp-caption alignleft\"><a href=\"http:\/\/infantv.com.br\/infantv\/wp-content\/uploads\/2017\/01\/orlando_drummond2.jpg\"><img src=\"data:image\/gif;base64,R0lGODlhAQABAIAAAAAAAP\/\/\/ywAAAAAAQABAAACAUwAOw==\" fifu-lazy=\"1\" fifu-data-sizes=\"auto\" fifu-data-srcset=\"https:\/\/i3.wp.com\/infantv.com.br\/infantv\/wp-content\/uploads\/2017\/01\/orlando_drummond2.jpg?ssl=1&w=75&resize=75&ssl=1 75w, https:\/\/i3.wp.com\/infantv.com.br\/infantv\/wp-content\/uploads\/2017\/01\/orlando_drummond2.jpg?ssl=1&w=100&resize=100&ssl=1 100w, https:\/\/i3.wp.com\/infantv.com.br\/infantv\/wp-content\/uploads\/2017\/01\/orlando_drummond2.jpg?ssl=1&w=150&resize=150&ssl=1 150w, https:\/\/i3.wp.com\/infantv.com.br\/infantv\/wp-content\/uploads\/2017\/01\/orlando_drummond2.jpg?ssl=1&w=240&resize=240&ssl=1 240w, https:\/\/i3.wp.com\/infantv.com.br\/infantv\/wp-content\/uploads\/2017\/01\/orlando_drummond2.jpg?ssl=1&w=320&resize=320&ssl=1 320w, https:\/\/i3.wp.com\/infantv.com.br\/infantv\/wp-content\/uploads\/2017\/01\/orlando_drummond2.jpg?ssl=1&w=500&resize=500&ssl=1 500w, https:\/\/i3.wp.com\/infantv.com.br\/infantv\/wp-content\/uploads\/2017\/01\/orlando_drummond2.jpg?ssl=1&w=640&resize=640&ssl=1 640w, https:\/\/i3.wp.com\/infantv.com.br\/infantv\/wp-content\/uploads\/2017\/01\/orlando_drummond2.jpg?ssl=1&w=800&resize=800&ssl=1 800w, https:\/\/i3.wp.com\/infantv.com.br\/infantv\/wp-content\/uploads\/2017\/01\/orlando_drummond2.jpg?ssl=1&w=1024&resize=1024&ssl=1 1024w, https:\/\/i3.wp.com\/infantv.com.br\/infantv\/wp-content\/uploads\/2017\/01\/orlando_drummond2.jpg?ssl=1&w=1280&resize=1280&ssl=1 1280w, https:\/\/i3.wp.com\/infantv.com.br\/infantv\/wp-content\/uploads\/2017\/01\/orlando_drummond2.jpg?ssl=1&w=1600&resize=1600&ssl=1 1600w\" decoding=\"async\" loading=\"lazy\" class=\"wp-image-18259\" fifu-data-src=\"https:\/\/i3.wp.com\/infantv.com.br\/infantv\/wp-content\/uploads\/2017\/01\/orlando_drummond2.jpg?ssl=1\" alt=\"orlando_drummond2\" width=\"400\" height=\"265\" srcset=\"https:\/\/infantv.com.br\/infantv\/wp-content\/uploads\/2017\/01\/orlando_drummond2.jpg 475w, https:\/\/infantv.com.br\/infantv\/wp-content\/uploads\/2017\/01\/orlando_drummond2-300x199.jpg 300w\" sizes=\"(max-width: 400px) 100vw, 400px\" \/><\/a><figcaption id=\"caption-attachment-18259\" class=\"wp-caption-text\">Alf e Scooby-Doo dois destaques da carreira de Drummond.<\/figcaption><\/figure>\n<p style=\"text-align: justify;\"><strong>ITV &#8211; Orlando Drummond, muito obrigado pelo papo! Deixe uma mensagem para os Infanautas que est\u00e3o lendo essa entrevista.<\/strong><br \/>\nOD &#8211; Tive imenso prazer em bater este papo com voc\u00eas, estou sempre as ordens. Parabenizo o trabalho do InfanTv. Trata-se de iniciativa que valoriza o trabalho de gente dedicada e competente como os dubladores. Para mim, o bom dublador \u00e9 um super ator, pois tem de ter imenso poder de interpreta\u00e7\u00e3o, uma vez que precisa expressar na voz a emo\u00e7\u00e3o que outro ator construiu, al\u00e9m de ter de concatenar os seus movimentos labiais com os do personagem que est\u00e1 sendo dublado. \u00c9 trabalho que exige extraordin\u00e1ria qualifica\u00e7\u00e3o.<\/p>\n<p>Muitos n\u00e3o sabem, mas o Brasil tem uma das melhores dublagens do mundo. Mesmo assim, \u00e0s vezes somos alvo de cr\u00edticas de gente que n\u00e3o conhece nosso trabalho. Alguns elitistas torcem o nariz para a dublagem. Querem o qu\u00ea? Filmes em ingl\u00eas com legendas? Nem todos os brasileiros dominam o ingl\u00eas. Muitos sequer s\u00e3o capazes de acompanhar legendas. A dublagem democratiza o cinema e a TV, aberta ou por assinatura. Por estas e por outras me orgulho de ser dublador.<\/p>\n","protected":false},"excerpt":{"rendered":"<p>Orlando Drummond, a voz do Scooby-Doo e Popeye no Brasil Entrevista realizada por Iza\u00edas Correia Orlando Drummond Cardoso, \u00e9 apenas, na opini\u00e3o de muitos, o melhor dublador brasileiro de todos os tempos. Drummond nasceu em S\u00e3o Paulo, no dia 19 de abril de 1921. Iniciou sua carreira em 1942 como contrarregra, depois encenou filmes como [&hellip;]<\/p>\n","protected":false},"author":1,"featured_media":398,"comment_status":"open","ping_status":"open","sticky":false,"template":"","format":"standard","meta":{"cybocfi_hide_featured_image":"","fifu_image_url":"","fifu_image_alt":""},"categories":[28,24],"tags":[101,90,91,92,44,87,88,100,89,99,98],"_links":{"self":[{"href":"https:\/\/infantv.com.br\/infantv\/wp-json\/wp\/v2\/posts\/18257"}],"collection":[{"href":"https:\/\/infantv.com.br\/infantv\/wp-json\/wp\/v2\/posts"}],"about":[{"href":"https:\/\/infantv.com.br\/infantv\/wp-json\/wp\/v2\/types\/post"}],"author":[{"embeddable":true,"href":"https:\/\/infantv.com.br\/infantv\/wp-json\/wp\/v2\/users\/1"}],"replies":[{"embeddable":true,"href":"https:\/\/infantv.com.br\/infantv\/wp-json\/wp\/v2\/comments?post=18257"}],"version-history":[{"count":3,"href":"https:\/\/infantv.com.br\/infantv\/wp-json\/wp\/v2\/posts\/18257\/revisions"}],"predecessor-version":[{"id":18264,"href":"https:\/\/infantv.com.br\/infantv\/wp-json\/wp\/v2\/posts\/18257\/revisions\/18264"}],"wp:featuredmedia":[{"embeddable":true,"href":"https:\/\/infantv.com.br\/infantv\/wp-json\/wp\/v2\/media\/398"}],"wp:attachment":[{"href":"https:\/\/infantv.com.br\/infantv\/wp-json\/wp\/v2\/media?parent=18257"}],"wp:term":[{"taxonomy":"category","embeddable":true,"href":"https:\/\/infantv.com.br\/infantv\/wp-json\/wp\/v2\/categories?post=18257"},{"taxonomy":"post_tag","embeddable":true,"href":"https:\/\/infantv.com.br\/infantv\/wp-json\/wp\/v2\/tags?post=18257"}],"curies":[{"name":"wp","href":"https:\/\/api.w.org\/{rel}","templated":true}]}}