{"id":16872,"date":"2016-07-30T18:47:30","date_gmt":"2016-07-30T18:47:30","guid":{"rendered":"http:\/\/infantv.com.br\/infantv\/?p=16872"},"modified":"2017-01-10T19:22:17","modified_gmt":"2017-01-10T19:22:17","slug":"morre-silvio-navas-a-voz-do-mumm-ra-no-brasil","status":"publish","type":"post","link":"https:\/\/infantv.com.br\/infantv\/morre-silvio-navas-a-voz-do-mumm-ra-no-brasil\/","title":{"rendered":"Morre Silvio Navas, a voz do Mumm-Ra no Brasil."},"content":{"rendered":"<div style=\"text-align:center\"><img src=\"data:image\/gif;base64,R0lGODlhAQABAIAAAAAAAP\/\/\/ywAAAAAAQABAAACAUwAOw==\" fifu-lazy=\"1\" fifu-data-sizes=\"auto\" fifu-data-srcset=\"https:\/\/i1.wp.com\/infantv.com.br\/infantv\/wp-content\/uploads\/2016\/12\/asilviomdhg.jpg?ssl=1&w=75&resize=75&ssl=1 75w, https:\/\/i1.wp.com\/infantv.com.br\/infantv\/wp-content\/uploads\/2016\/12\/asilviomdhg.jpg?ssl=1&w=100&resize=100&ssl=1 100w, https:\/\/i1.wp.com\/infantv.com.br\/infantv\/wp-content\/uploads\/2016\/12\/asilviomdhg.jpg?ssl=1&w=150&resize=150&ssl=1 150w, https:\/\/i1.wp.com\/infantv.com.br\/infantv\/wp-content\/uploads\/2016\/12\/asilviomdhg.jpg?ssl=1&w=240&resize=240&ssl=1 240w, https:\/\/i1.wp.com\/infantv.com.br\/infantv\/wp-content\/uploads\/2016\/12\/asilviomdhg.jpg?ssl=1&w=320&resize=320&ssl=1 320w, https:\/\/i1.wp.com\/infantv.com.br\/infantv\/wp-content\/uploads\/2016\/12\/asilviomdhg.jpg?ssl=1&w=500&resize=500&ssl=1 500w, https:\/\/i1.wp.com\/infantv.com.br\/infantv\/wp-content\/uploads\/2016\/12\/asilviomdhg.jpg?ssl=1&w=640&resize=640&ssl=1 640w, https:\/\/i1.wp.com\/infantv.com.br\/infantv\/wp-content\/uploads\/2016\/12\/asilviomdhg.jpg?ssl=1&w=800&resize=800&ssl=1 800w, https:\/\/i1.wp.com\/infantv.com.br\/infantv\/wp-content\/uploads\/2016\/12\/asilviomdhg.jpg?ssl=1&w=1024&resize=1024&ssl=1 1024w, https:\/\/i1.wp.com\/infantv.com.br\/infantv\/wp-content\/uploads\/2016\/12\/asilviomdhg.jpg?ssl=1&w=1280&resize=1280&ssl=1 1280w, https:\/\/i1.wp.com\/infantv.com.br\/infantv\/wp-content\/uploads\/2016\/12\/asilviomdhg.jpg?ssl=1&w=1600&resize=1600&ssl=1 1600w\" width=\"500\" height=\"285\" fifu-data-src=\"https:\/\/i1.wp.com\/infantv.com.br\/infantv\/wp-content\/uploads\/2016\/12\/asilviomdhg.jpg?ssl=1\" class=\"attachment-post-thumbnail size-post-thumbnail wp-post-image\" alt=\"Morre Silvio Navas, a voz do Mumm-Ra no Brasil.\" title=\"Morre Silvio Navas, a voz do Mumm-Ra no Brasil.\" decoding=\"async\" loading=\"lazy\" srcset=\"https:\/\/i1.wp.com\/infantv.com.br\/infantv\/wp-content\/uploads\/2016\/12\/asilviomdhg.jpg?ssl=1 500w, https:\/\/infantv.com.br\/infantv\/wp-content\/uploads\/2016\/12\/asilviomdhg-300x171.jpg 300w\" sizes=\"(max-width: 500px) 100vw, 500px\" \/><\/div><h2>Morre Silvio Navas, a voz do Mumm-Ra no Brasil.<\/h2>\n<h4><em>Um dos dubladores mais vers\u00e1teis morre aos 74 anos.<\/em><\/h4>\n<p>InfanTv 30\/07\/2016<\/p>\n<hr \/>\n<p style=\"text-align: justify;\"><a href=\"http:\/\/infantv.com.br\/infantv\/wp-content\/uploads\/2016\/12\/asilviomdhg.jpg\"><img src=\"data:image\/gif;base64,R0lGODlhAQABAIAAAAAAAP\/\/\/ywAAAAAAQABAAACAUwAOw==\" fifu-lazy=\"1\" fifu-data-sizes=\"auto\" fifu-data-srcset=\"https:\/\/i0.wp.com\/infantv.com.br\/infantv\/wp-content\/uploads\/2016\/12\/asilviomdhg.jpg?ssl=1&w=75&resize=75&ssl=1 75w, https:\/\/i0.wp.com\/infantv.com.br\/infantv\/wp-content\/uploads\/2016\/12\/asilviomdhg.jpg?ssl=1&w=100&resize=100&ssl=1 100w, https:\/\/i0.wp.com\/infantv.com.br\/infantv\/wp-content\/uploads\/2016\/12\/asilviomdhg.jpg?ssl=1&w=150&resize=150&ssl=1 150w, https:\/\/i0.wp.com\/infantv.com.br\/infantv\/wp-content\/uploads\/2016\/12\/asilviomdhg.jpg?ssl=1&w=240&resize=240&ssl=1 240w, https:\/\/i0.wp.com\/infantv.com.br\/infantv\/wp-content\/uploads\/2016\/12\/asilviomdhg.jpg?ssl=1&w=320&resize=320&ssl=1 320w, https:\/\/i0.wp.com\/infantv.com.br\/infantv\/wp-content\/uploads\/2016\/12\/asilviomdhg.jpg?ssl=1&w=500&resize=500&ssl=1 500w, https:\/\/i0.wp.com\/infantv.com.br\/infantv\/wp-content\/uploads\/2016\/12\/asilviomdhg.jpg?ssl=1&w=640&resize=640&ssl=1 640w, https:\/\/i0.wp.com\/infantv.com.br\/infantv\/wp-content\/uploads\/2016\/12\/asilviomdhg.jpg?ssl=1&w=800&resize=800&ssl=1 800w, https:\/\/i0.wp.com\/infantv.com.br\/infantv\/wp-content\/uploads\/2016\/12\/asilviomdhg.jpg?ssl=1&w=1024&resize=1024&ssl=1 1024w, https:\/\/i0.wp.com\/infantv.com.br\/infantv\/wp-content\/uploads\/2016\/12\/asilviomdhg.jpg?ssl=1&w=1280&resize=1280&ssl=1 1280w, https:\/\/i0.wp.com\/infantv.com.br\/infantv\/wp-content\/uploads\/2016\/12\/asilviomdhg.jpg?ssl=1&w=1600&resize=1600&ssl=1 1600w\" decoding=\"async\" loading=\"lazy\" class=\" wp-image-16873 size-full aligncenter\" fifu-data-src=\"https:\/\/i0.wp.com\/infantv.com.br\/infantv\/wp-content\/uploads\/2016\/12\/asilviomdhg.jpg?ssl=1\" alt=\"\" width=\"500\" height=\"285\" srcset=\"https:\/\/infantv.com.br\/infantv\/wp-content\/uploads\/2016\/12\/asilviomdhg.jpg 500w, https:\/\/infantv.com.br\/infantv\/wp-content\/uploads\/2016\/12\/asilviomdhg-300x171.jpg 300w\" sizes=\"(max-width: 500px) 100vw, 500px\" \/><\/a><\/p>\n<p style=\"text-align: justify;\">O dublador Silvio Navas, famoso por ter emprestado sua voz para personagens como Darth Vader, da saga <strong>Star Wars<\/strong>, e Mumm-Ra, da anima\u00e7\u00e3o <a href=\"http:\/\/infantv.com.br\/infantv\/?p=6806\"><strong>Thundercats<\/strong><\/a>, morreu nesta sexta-feira (29). Natural de Santos, no litoral de S\u00e3o Paulo, o artista dublou personagens de dezenas de filmes, s\u00e9ries e anima\u00e7\u00f5es. A causa da morte n\u00e3o foi divulgada.<\/p>\n<p style=\"text-align: justify;\">Navas estava com 74 anos e come\u00e7ou a trabalhar como dublador nos anos 60 em diversos est\u00fadios. Em mais de 50 anos de carreira, ele desempenhou as fun\u00e7\u00f5es de ator, dublador e diretor de dublagens brasileiras.<\/p>\n<p style=\"text-align: justify;\">Entre os personagens mais famosos dublados por Navas est\u00e3o Willy Wonka, interpretado pelo ator norte-americano Gene Wilder na vers\u00e3o de 1971 do cl\u00e1ssico <strong>A Fant\u00e1stica F\u00e1brica de Chocolates<\/strong> e Don Vito Corleone, o padrinho, interpretado por Marlon Brando em <strong>O Poderoso Chef\u00e3o<\/strong>.<\/p>\n<p style=\"text-align: justify;\">Navas fez Michael Landon em <a href=\"http:\/\/infantv.com.br\/infantv\/?p=7875\"><strong>O Homem Que Veio do C\u00e9u,<\/strong><\/a> Papai Smurf e outros personagens em <a href=\"http:\/\/infantv.com.br\/infantv\/?p=5177\"><strong>Smurfs<\/strong><\/a>, Monstro Estelar em <a href=\"http:\/\/infantv.com.br\/infantv\/?p=4986\"><strong>Silver Hawks<\/strong><\/a>, Grifo em <a href=\"http:\/\/infantv.com.br\/infantv\/?p=4296\"><strong>Rambo e A For\u00e7a da Liberdade<\/strong><\/a>, foi o narrador de <a href=\"http:\/\/infantv.com.br\/infantv\/?p=2175\"><strong>Dinamite o Bionic\u00e3o<\/strong><\/a>, o Cardeal Richelieu no desenho canino dos <a href=\"http:\/\/infantv.com.br\/infantv\/?p=2090\"><strong>Tr\u00eas Mosqueteiros<\/strong><\/a>, entre muitos outros trabalhos.<\/p>\n<p style=\"text-align: justify;\">Al\u00e9m de trabalhar com dublagem, Silvio Navas tamb\u00e9m ministrava cursos sobre o assunto. O corpo do artista foi velado na Santa Casa de Miseric\u00f3rdia de Santos neste s\u00e1bado (30). As causas da morte de Silvio Navas n\u00e3o foram divulgadas at\u00e9 o fechamento desta mat\u00e9ria.<\/p>\n","protected":false},"excerpt":{"rendered":"<p>Morre Silvio Navas, a voz do Mumm-Ra no Brasil. Um dos dubladores mais vers\u00e1teis morre aos 74 anos. InfanTv 30\/07\/2016 O dublador Silvio Navas, famoso por ter emprestado sua voz para personagens como Darth Vader, da saga Star Wars, e Mumm-Ra, da anima\u00e7\u00e3o Thundercats, morreu nesta sexta-feira (29). Natural de Santos, no litoral de S\u00e3o [&hellip;]<\/p>\n","protected":false},"author":1,"featured_media":16873,"comment_status":"open","ping_status":"open","sticky":false,"template":"","format":"standard","meta":{"cybocfi_hide_featured_image":"","fifu_image_url":"","fifu_image_alt":""},"categories":[10],"tags":[45,46,41,92,44,115,114,39,43],"_links":{"self":[{"href":"https:\/\/infantv.com.br\/infantv\/wp-json\/wp\/v2\/posts\/16872"}],"collection":[{"href":"https:\/\/infantv.com.br\/infantv\/wp-json\/wp\/v2\/posts"}],"about":[{"href":"https:\/\/infantv.com.br\/infantv\/wp-json\/wp\/v2\/types\/post"}],"author":[{"embeddable":true,"href":"https:\/\/infantv.com.br\/infantv\/wp-json\/wp\/v2\/users\/1"}],"replies":[{"embeddable":true,"href":"https:\/\/infantv.com.br\/infantv\/wp-json\/wp\/v2\/comments?post=16872"}],"version-history":[{"count":4,"href":"https:\/\/infantv.com.br\/infantv\/wp-json\/wp\/v2\/posts\/16872\/revisions"}],"predecessor-version":[{"id":16877,"href":"https:\/\/infantv.com.br\/infantv\/wp-json\/wp\/v2\/posts\/16872\/revisions\/16877"}],"wp:featuredmedia":[{"embeddable":true,"href":"https:\/\/infantv.com.br\/infantv\/wp-json\/wp\/v2\/media\/16873"}],"wp:attachment":[{"href":"https:\/\/infantv.com.br\/infantv\/wp-json\/wp\/v2\/media?parent=16872"}],"wp:term":[{"taxonomy":"category","embeddable":true,"href":"https:\/\/infantv.com.br\/infantv\/wp-json\/wp\/v2\/categories?post=16872"},{"taxonomy":"post_tag","embeddable":true,"href":"https:\/\/infantv.com.br\/infantv\/wp-json\/wp\/v2\/tags?post=16872"}],"curies":[{"name":"wp","href":"https:\/\/api.w.org\/{rel}","templated":true}]}}