{"id":13726,"date":"2016-10-28T11:09:49","date_gmt":"2016-10-28T11:09:49","guid":{"rendered":"http:\/\/infantv.com.br\/infantv\/?p=13726"},"modified":"2017-01-26T15:04:12","modified_gmt":"2017-01-26T15:04:12","slug":"sitio-do-pica-pau-amarelo-1952-elenco","status":"publish","type":"post","link":"https:\/\/infantv.com.br\/infantv\/sitio-do-pica-pau-amarelo-1952-elenco\/","title":{"rendered":"S\u00edtio do Pica-pau Amarelo (1952) &#8211; Elenco"},"content":{"rendered":"<div style=\"text-align:center\"><img src=\"data:image\/gif;base64,R0lGODlhAQABAIAAAAAAAP\/\/\/ywAAAAAAQABAAACAUwAOw==\" fifu-lazy=\"1\" fifu-data-sizes=\"auto\" fifu-data-srcset=\"https:\/\/i0.wp.com\/infantv.com.br\/infantv\/wp-content\/uploads\/2016\/10\/sitiocultura6.jpg?ssl=1&w=75&resize=75&ssl=1 75w, https:\/\/i0.wp.com\/infantv.com.br\/infantv\/wp-content\/uploads\/2016\/10\/sitiocultura6.jpg?ssl=1&w=100&resize=100&ssl=1 100w, https:\/\/i0.wp.com\/infantv.com.br\/infantv\/wp-content\/uploads\/2016\/10\/sitiocultura6.jpg?ssl=1&w=150&resize=150&ssl=1 150w, https:\/\/i0.wp.com\/infantv.com.br\/infantv\/wp-content\/uploads\/2016\/10\/sitiocultura6.jpg?ssl=1&w=240&resize=240&ssl=1 240w, https:\/\/i0.wp.com\/infantv.com.br\/infantv\/wp-content\/uploads\/2016\/10\/sitiocultura6.jpg?ssl=1&w=320&resize=320&ssl=1 320w, https:\/\/i0.wp.com\/infantv.com.br\/infantv\/wp-content\/uploads\/2016\/10\/sitiocultura6.jpg?ssl=1&w=500&resize=500&ssl=1 500w, https:\/\/i0.wp.com\/infantv.com.br\/infantv\/wp-content\/uploads\/2016\/10\/sitiocultura6.jpg?ssl=1&w=640&resize=640&ssl=1 640w, https:\/\/i0.wp.com\/infantv.com.br\/infantv\/wp-content\/uploads\/2016\/10\/sitiocultura6.jpg?ssl=1&w=800&resize=800&ssl=1 800w, https:\/\/i0.wp.com\/infantv.com.br\/infantv\/wp-content\/uploads\/2016\/10\/sitiocultura6.jpg?ssl=1&w=1024&resize=1024&ssl=1 1024w, https:\/\/i0.wp.com\/infantv.com.br\/infantv\/wp-content\/uploads\/2016\/10\/sitiocultura6.jpg?ssl=1&w=1280&resize=1280&ssl=1 1280w, https:\/\/i0.wp.com\/infantv.com.br\/infantv\/wp-content\/uploads\/2016\/10\/sitiocultura6.jpg?ssl=1&w=1600&resize=1600&ssl=1 1600w\" width=\"400\" height=\"299\" fifu-data-src=\"https:\/\/i0.wp.com\/infantv.com.br\/infantv\/wp-content\/uploads\/2016\/10\/sitiocultura6.jpg?ssl=1\" class=\"attachment-post-thumbnail size-post-thumbnail wp-post-image\" alt=\"S\u00edtio do Pica-pau Amarelo (1952) \u2013 Elenco\" title=\"S\u00edtio do Pica-pau Amarelo (1952) \u2013 Elenco\" decoding=\"async\" loading=\"lazy\" srcset=\"https:\/\/i0.wp.com\/infantv.com.br\/infantv\/wp-content\/uploads\/2016\/10\/sitiocultura6.jpg?ssl=1 400w, https:\/\/infantv.com.br\/infantv\/wp-content\/uploads\/2016\/10\/sitiocultura6-300x224.jpg 300w\" sizes=\"(max-width: 400px) 100vw, 400px\" \/><\/div><p style=\"text-align: center;\"><a href=\"http:\/\/infantv.com.br\/infantv\/?p=13706\"><img src=\"data:image\/gif;base64,R0lGODlhAQABAIAAAAAAAP\/\/\/ywAAAAAAQABAAACAUwAOw==\" fifu-lazy=\"1\" fifu-data-sizes=\"auto\" fifu-data-srcset=\"https:\/\/i2.wp.com\/infantv.com.br\/infantv\/wp-content\/uploads\/2016\/10\/sitiodopicapauama_logo-300x229.jpg?ssl=1&w=75&resize=75&ssl=1 75w, https:\/\/i2.wp.com\/infantv.com.br\/infantv\/wp-content\/uploads\/2016\/10\/sitiodopicapauama_logo-300x229.jpg?ssl=1&w=100&resize=100&ssl=1 100w, https:\/\/i2.wp.com\/infantv.com.br\/infantv\/wp-content\/uploads\/2016\/10\/sitiodopicapauama_logo-300x229.jpg?ssl=1&w=150&resize=150&ssl=1 150w, https:\/\/i2.wp.com\/infantv.com.br\/infantv\/wp-content\/uploads\/2016\/10\/sitiodopicapauama_logo-300x229.jpg?ssl=1&w=240&resize=240&ssl=1 240w, https:\/\/i2.wp.com\/infantv.com.br\/infantv\/wp-content\/uploads\/2016\/10\/sitiodopicapauama_logo-300x229.jpg?ssl=1&w=320&resize=320&ssl=1 320w, https:\/\/i2.wp.com\/infantv.com.br\/infantv\/wp-content\/uploads\/2016\/10\/sitiodopicapauama_logo-300x229.jpg?ssl=1&w=500&resize=500&ssl=1 500w, https:\/\/i2.wp.com\/infantv.com.br\/infantv\/wp-content\/uploads\/2016\/10\/sitiodopicapauama_logo-300x229.jpg?ssl=1&w=640&resize=640&ssl=1 640w, https:\/\/i2.wp.com\/infantv.com.br\/infantv\/wp-content\/uploads\/2016\/10\/sitiodopicapauama_logo-300x229.jpg?ssl=1&w=800&resize=800&ssl=1 800w, https:\/\/i2.wp.com\/infantv.com.br\/infantv\/wp-content\/uploads\/2016\/10\/sitiodopicapauama_logo-300x229.jpg?ssl=1&w=1024&resize=1024&ssl=1 1024w, https:\/\/i2.wp.com\/infantv.com.br\/infantv\/wp-content\/uploads\/2016\/10\/sitiodopicapauama_logo-300x229.jpg?ssl=1&w=1280&resize=1280&ssl=1 1280w, https:\/\/i2.wp.com\/infantv.com.br\/infantv\/wp-content\/uploads\/2016\/10\/sitiodopicapauama_logo-300x229.jpg?ssl=1&w=1600&resize=1600&ssl=1 1600w\" decoding=\"async\" loading=\"lazy\" class=\"alignnone wp-image-13707 size-medium\" style=\"border-radius: 20px;\" fifu-data-src=\"https:\/\/i2.wp.com\/infantv.com.br\/infantv\/wp-content\/uploads\/2016\/10\/sitiodopicapauama_logo-300x229.jpg?ssl=1\" alt=\"\" width=\"300\" height=\"229\" \/><\/a><\/p>\n<p style=\"text-align: center;\">L\u00facia Lambertini &#8211; Em\u00edlia (SP e RJ)<\/p>\n<p style=\"text-align: center;\">Dulce Margarida &#8211; Em\u00edlia (SP)<\/p>\n<p style=\"text-align: center;\">R\u00fabens Molino &#8211; Visconde de Sabugosa (SP)<\/p>\n<p style=\"text-align: center;\">Luciano Maur\u00edcio &#8211; Visconde de Sabugosa (SP)<\/p>\n<p style=\"text-align: center;\">Hern\u00ea Lebon &#8211; Visconde de Sabugosa (SP)<\/p>\n<p style=\"text-align: center;\">Sydn\u00e9ia Rossi &#8211; Dona Benta (SP)<\/p>\n<p style=\"text-align: center;\">Wanda A. Hammel &#8211; Dona Benta (SP)<\/p>\n<p style=\"text-align: center;\">Suzy Arruda &#8211; Dona Benta (SP)<\/p>\n<p style=\"text-align: center;\">Leonor Pacheco &#8211; Dona Benta (SP)<\/p>\n<p style=\"text-align: center;\">S\u00e9rgio Rosemberg &#8211; Pedrinho (SP)<\/p>\n<p style=\"text-align: center;\">Julinho Sim\u00f5es &#8211; Pedrinho (SP)<\/p>\n<p style=\"text-align: center;\">Antonio Silvio Lef\u00e8vre &#8211; Pedrinho (SP)<\/p>\n<p style=\"text-align: center;\">David Jos\u00e9 &#8211; Pedrinho (SP)<\/p>\n<p style=\"text-align: center;\">Nagib Ander\u00e1os Neto &#8211; Pedrinho (SP)<\/p>\n<p style=\"text-align: center;\">Newton da Matta &#8211; Pedrinho (SP)<\/p>\n<p style=\"text-align: center;\">Lidia Rosemberg &#8211; Narizinho (SP)<\/p>\n<p style=\"text-align: center;\">Edi Cerri &#8211; Narizinho (SP)<\/p>\n<p style=\"text-align: center;\">Benedita Rodrigues &#8211; Tia Nast\u00e1cia (SP)<\/p>\n<p style=\"text-align: center;\">Zeni Pereira &#8211; Tia Nast\u00e1cia (SP)<\/p>\n<p style=\"text-align: center;\">Paulo Basco &#8211; Dr. Caramujo (SP)<\/p>\n<p style=\"text-align: center;\">Ricardo Gouveia &#8211; Rabic\u00f3 (SP)<\/p>\n<p style=\"text-align: center;\">El\u00edsio de Albuquerque &#8211; Visconde de Sabugosa (RJ)<\/p>\n<p style=\"text-align: center;\">In\u00e1 Malaguti &#8211; Dona Benta (RJ)<\/p>\n<p style=\"text-align: center;\">Andr\u00e9 Jos\u00e9 Adler &#8211; Pedrinho (RJ)<\/p>\n<p style=\"text-align: center;\">Paulo Benchimol \u2013 Pedrinho (RJ)<\/p>\n<p style=\"text-align: center;\">Leny Vieira &#8211; Narizinho (RJ)<\/p>\n<p style=\"text-align: center;\">Zeni Pereira &#8211; Tia Nast\u00e1cia (RJ)<\/p>\n<p style=\"text-align: center;\">Daniel Filho &#8211; Dr. Caramujo (RJ)<\/p>\n<p style=\"text-align: center;\">Fininho &#8211; Rabic\u00f3 (RJ)<\/p>\n","protected":false},"excerpt":{"rendered":"<p>L\u00facia Lambertini &#8211; Em\u00edlia (SP e RJ) Dulce Margarida &#8211; Em\u00edlia (SP) R\u00fabens Molino &#8211; Visconde de Sabugosa (SP) Luciano Maur\u00edcio &#8211; Visconde de Sabugosa (SP) Hern\u00ea Lebon &#8211; Visconde de Sabugosa (SP) Sydn\u00e9ia Rossi &#8211; Dona Benta (SP) Wanda A. Hammel &#8211; Dona Benta (SP) Suzy Arruda &#8211; Dona Benta (SP) Leonor Pacheco &#8211; [&hellip;]<\/p>\n","protected":false},"author":1,"featured_media":13773,"comment_status":"open","ping_status":"open","sticky":false,"template":"","format":"standard","meta":{"cybocfi_hide_featured_image":"","fifu_image_url":"","fifu_image_alt":""},"categories":[20],"tags":[],"_links":{"self":[{"href":"https:\/\/infantv.com.br\/infantv\/wp-json\/wp\/v2\/posts\/13726"}],"collection":[{"href":"https:\/\/infantv.com.br\/infantv\/wp-json\/wp\/v2\/posts"}],"about":[{"href":"https:\/\/infantv.com.br\/infantv\/wp-json\/wp\/v2\/types\/post"}],"author":[{"embeddable":true,"href":"https:\/\/infantv.com.br\/infantv\/wp-json\/wp\/v2\/users\/1"}],"replies":[{"embeddable":true,"href":"https:\/\/infantv.com.br\/infantv\/wp-json\/wp\/v2\/comments?post=13726"}],"version-history":[{"count":1,"href":"https:\/\/infantv.com.br\/infantv\/wp-json\/wp\/v2\/posts\/13726\/revisions"}],"predecessor-version":[{"id":13728,"href":"https:\/\/infantv.com.br\/infantv\/wp-json\/wp\/v2\/posts\/13726\/revisions\/13728"}],"wp:featuredmedia":[{"embeddable":true,"href":"https:\/\/infantv.com.br\/infantv\/wp-json\/wp\/v2\/media\/13773"}],"wp:attachment":[{"href":"https:\/\/infantv.com.br\/infantv\/wp-json\/wp\/v2\/media?parent=13726"}],"wp:term":[{"taxonomy":"category","embeddable":true,"href":"https:\/\/infantv.com.br\/infantv\/wp-json\/wp\/v2\/categories?post=13726"},{"taxonomy":"post_tag","embeddable":true,"href":"https:\/\/infantv.com.br\/infantv\/wp-json\/wp\/v2\/tags?post=13726"}],"curies":[{"name":"wp","href":"https:\/\/api.w.org\/{rel}","templated":true}]}}